{"id":5963,"date":"2021-11-02T11:59:00","date_gmt":"2021-11-02T11:59:00","guid":{"rendered":"https:\/\/www.lodelmomentoloja.com\/?p=5963"},"modified":"2021-11-05T00:49:10","modified_gmt":"2021-11-05T00:49:10","slug":"bendicion-de-la-estatua-virgen-del-rosario","status":"publish","type":"post","link":"https:\/\/www.lodelmomentoloja.com\/?p=5963","title":{"rendered":"Bendici\u00f3n de la estatua Virgen del Rosario"},"content":{"rendered":"<p><img loading=\"lazy\" decoding=\"async\" class=\"alignnone wp-image-5966 \" src=\"http:\/\/www.lodelmomentoloja.com\/wp-content\/uploads\/2021\/11\/3-1024x324.jpg\" alt=\"\" width=\"824\" height=\"260\" srcset=\"https:\/\/www.lodelmomentoloja.com\/wp-content\/uploads\/2021\/11\/3-1024x324.jpg 1024w, https:\/\/www.lodelmomentoloja.com\/wp-content\/uploads\/2021\/11\/3-300x95.jpg 300w, https:\/\/www.lodelmomentoloja.com\/wp-content\/uploads\/2021\/11\/3-768x243.jpg 768w, https:\/\/www.lodelmomentoloja.com\/wp-content\/uploads\/2021\/11\/3-640x203.jpg 640w, https:\/\/www.lodelmomentoloja.com\/wp-content\/uploads\/2021\/11\/3.jpg 1280w\" sizes=\"(max-width: 824px) 100vw, 824px\" \/><\/p>\n<p><strong>Obispo Eras bendijo conjunto escult\u00f3rico Virgen del Rosario<\/strong><\/p>\n<p>Mediante la misa campal oficiada por el obispo de la Di\u00f3sises de Loja Mons. Walter Eras, el p\u00e1rroco de la parroquia eclesi\u00e1stica de Celica Wilman Paladines, los vicarios Arturo Agila y Esteban Segovia de Puyango y Celica respectivamente,\u00a0 y la visita del P. Carlos Ort\u00edz acompa\u00f1ando en la Cruz Misionera de la pastoral juvenil se dio paso a la bendici\u00f3n del conjunto escult\u00f3rico Virgen del Rosario y a la entrega formal por parte del Municipio de Celica a la Di\u00f3sises de Loja. As\u00ed mismo, se cont\u00f3 con la sagrada imagen de la Virgen del Rosario de la iglesia de Dominguillo, la presencia del Alcalde Oswaldo Rom\u00e1n, cabildo en pleno, presidenta del Patronato de Acci\u00f3n Social Municipal, autoridades representantes del ejecutivo en territorio y el pueblo devoto del cant\u00f3n Celica.<\/p>\n<p>.<\/p>\n<p><strong>Serm\u00f3n<\/strong><\/p>\n<p><img loading=\"lazy\" decoding=\"async\" class=\"wp-image-5964 alignleft\" src=\"http:\/\/www.lodelmomentoloja.com\/wp-content\/uploads\/2021\/11\/1-1024x682.jpg\" alt=\"\" width=\"518\" height=\"345\" srcset=\"https:\/\/www.lodelmomentoloja.com\/wp-content\/uploads\/2021\/11\/1-1024x682.jpg 1024w, https:\/\/www.lodelmomentoloja.com\/wp-content\/uploads\/2021\/11\/1-300x200.jpg 300w, https:\/\/www.lodelmomentoloja.com\/wp-content\/uploads\/2021\/11\/1-768x512.jpg 768w, https:\/\/www.lodelmomentoloja.com\/wp-content\/uploads\/2021\/11\/1-640x427.jpg 640w, https:\/\/www.lodelmomentoloja.com\/wp-content\/uploads\/2021\/11\/1.jpg 1280w\" sizes=\"(max-width: 518px) 100vw, 518px\" \/><\/p>\n<p>En la parte ceremonial y justo con el serm\u00f3n el Obispo solicit\u00f3 al pueblo celicano a unirse en esp\u00edritu y f\u00edsicamente para logar una buena convivencia a la vez de destacar el trabajo realizado por la municipalidad de Celica.<\/p>\n<p>&nbsp;<\/p>\n<p>Antes de la bendici\u00f3n final intervino el Ing. Oswaldo Rom\u00e1n Calero para destacar la presencia de la autoridad de la fe cat\u00f3lica Mons. Walter Eras a quien entreg\u00f3 una placa de reconocimiento, al igual de la entrega formal de la imagen a la Di\u00f3sises de Loja luego de la inauguraci\u00f3n con el respectivo corte de cinta y otorgar recuerdos a cada uno de los sacerdotes oficiantes, as\u00ed mismo en su discurso el burgomaestre celicano\u00a0 pidi\u00f3 a los presentes a hacerse eco del mensaje del obispo lojano como es el de,\u00a0 trabajar de manera mancomunada para lograr el desarrollo del cant\u00f3n.<\/p>\n<p>.<\/p>\n<p>&nbsp;<\/p>\n<p><strong>Cultura<\/strong><\/p>\n<p>Finalmente el evento se cerr\u00f3 con la presencia del grupo de danza folcl\u00f3rica del barrio Defensa Civil que lo lidera Deysi Granda, representante de este sector y luego con el traslado de regreso de la Virgen del Rosario a la Iglesia de Dominguillo por la carretera reci\u00e9n regenerada por el GADM de Celica.<\/p>\n<p><img loading=\"lazy\" decoding=\"async\" class=\"alignnone wp-image-5965 size-large\" src=\"http:\/\/www.lodelmomentoloja.com\/wp-content\/uploads\/2021\/11\/2-1024x682.jpg\" alt=\"\" width=\"640\" height=\"426\" srcset=\"https:\/\/www.lodelmomentoloja.com\/wp-content\/uploads\/2021\/11\/2-1024x682.jpg 1024w, https:\/\/www.lodelmomentoloja.com\/wp-content\/uploads\/2021\/11\/2-300x200.jpg 300w, https:\/\/www.lodelmomentoloja.com\/wp-content\/uploads\/2021\/11\/2-768x512.jpg 768w, https:\/\/www.lodelmomentoloja.com\/wp-content\/uploads\/2021\/11\/2-640x427.jpg 640w, https:\/\/www.lodelmomentoloja.com\/wp-content\/uploads\/2021\/11\/2.jpg 1280w\" sizes=\"(max-width: 640px) 100vw, 640px\" \/><\/p>\n<p>&nbsp;<\/p>\n<div class=\"o9v6fnle cxmmr5t8 oygrvhab hcukyx3x c1et5uql ii04i59q\">\n<div dir=\"auto\">Esta obra generada en la administraci\u00f3n de Oswaldo Rom\u00e1n, recibe el nombre de <strong>Sagrada Imagen de la Virgen de Rosario<\/strong> est\u00e1 ubicada al ingreso de la parroquia Dominguillo en la v\u00eda Cruzpamba y cuenta con unas dimensiones de <strong>8 metros de altura<\/strong> incluida la base, 3,7 metros de ancho y de 3.4 metros de fondo. Adicional a ello, a los costados de la imagen se encuentran unos \u00e1ngeles que tiene una altura de 1,50 metros, una obra que incentiva el esp\u00edritu peregrino y de fe para propios y extra\u00f1os.<\/div>\n<div dir=\"auto\">.<\/div>\n<\/div>\n<div class=\"o9v6fnle cxmmr5t8 oygrvhab hcukyx3x c1et5uql ii04i59q\">\n<div dir=\"auto\"><\/div>\n<\/div>\n<p><em>Sigue nuestra informaci\u00f3n con el hashtag #LDMnoticias \u00f3 lodelmomentolojaLDM<\/em><\/p>\n","protected":false},"excerpt":{"rendered":"<p>Obispo Eras bendijo conjunto escult\u00f3rico Virgen del Rosario Mediante la misa campal oficiada por el&#8230;<\/p>\n","protected":false},"author":1,"featured_media":5967,"comment_status":"open","ping_status":"open","sticky":false,"template":"","format":"standard","meta":{"footnotes":""},"categories":[7,1,5],"tags":[],"class_list":["post-5963","post","type-post","status-publish","format-standard","has-post-thumbnail","hentry","category-ecuador","category-inicio","category-loja"],"_links":{"self":[{"href":"https:\/\/www.lodelmomentoloja.com\/index.php?rest_route=\/wp\/v2\/posts\/5963"}],"collection":[{"href":"https:\/\/www.lodelmomentoloja.com\/index.php?rest_route=\/wp\/v2\/posts"}],"about":[{"href":"https:\/\/www.lodelmomentoloja.com\/index.php?rest_route=\/wp\/v2\/types\/post"}],"author":[{"embeddable":true,"href":"https:\/\/www.lodelmomentoloja.com\/index.php?rest_route=\/wp\/v2\/users\/1"}],"replies":[{"embeddable":true,"href":"https:\/\/www.lodelmomentoloja.com\/index.php?rest_route=%2Fwp%2Fv2%2Fcomments&post=5963"}],"version-history":[{"count":3,"href":"https:\/\/www.lodelmomentoloja.com\/index.php?rest_route=\/wp\/v2\/posts\/5963\/revisions"}],"predecessor-version":[{"id":5970,"href":"https:\/\/www.lodelmomentoloja.com\/index.php?rest_route=\/wp\/v2\/posts\/5963\/revisions\/5970"}],"wp:featuredmedia":[{"embeddable":true,"href":"https:\/\/www.lodelmomentoloja.com\/index.php?rest_route=\/wp\/v2\/media\/5967"}],"wp:attachment":[{"href":"https:\/\/www.lodelmomentoloja.com\/index.php?rest_route=%2Fwp%2Fv2%2Fmedia&parent=5963"}],"wp:term":[{"taxonomy":"category","embeddable":true,"href":"https:\/\/www.lodelmomentoloja.com\/index.php?rest_route=%2Fwp%2Fv2%2Fcategories&post=5963"},{"taxonomy":"post_tag","embeddable":true,"href":"https:\/\/www.lodelmomentoloja.com\/index.php?rest_route=%2Fwp%2Fv2%2Ftags&post=5963"}],"curies":[{"name":"wp","href":"https:\/\/api.w.org\/{rel}","templated":true}]}}