{"id":5888,"date":"2021-10-21T20:00:30","date_gmt":"2021-10-21T20:00:30","guid":{"rendered":"https:\/\/www.lodelmomentoloja.com\/?p=5888"},"modified":"2021-10-22T01:37:49","modified_gmt":"2021-10-22T01:37:49","slug":"inician-proceso-de-revocatoria-contra-alcalde-de-paltas","status":"publish","type":"post","link":"https:\/\/www.lodelmomentoloja.com\/?p=5888","title":{"rendered":"Inician proceso de revocatoria contra Alcalde de Paltas"},"content":{"rendered":"<p>Un colectivo de ciudadanos del cant\u00f3n Paltas encabezados por Julio Carri\u00f3n, han promovido una acci\u00f3n para realizar <em><strong>el proceso de revocatoria del mandato contra el Alcalde de Paltas Jorge Luis Feijo\u00f3<\/strong><\/em>, La acci\u00f3n que fue propuesta por la causal de incumplimiento de la constituci\u00f3n y las leyes, ya que incumplieron las mismas al haber aplicado una ordenanza de manera retroactiva, con el fin de remover a la vicealcaldesa Yennifer L\u00f3pez por otro concejal, y tambi\u00e9n incumpliendo la paridad de g\u00e9nero, &#8220;Cuando un alcalde es hombre, la segunda autoridad en la vicealcald\u00eda debe ser una mujer&#8221; que est\u00e1 prevista en la reforma del 2020 del COOTAD.<\/p>\n<p>Por ello, la sentencia de primera instancia fue resuelta por la Dra. Ivonne Coloma Jueza del Tribunal Contencioso Electoral (TCE). El reglamento para tr\u00e1mites del contencioso electoral en su Art. 188 es claro y estos casos se deben resolver en m\u00e9ritos de los autos; es decir, adem\u00e1s establece que el TCE si es que existe apelaci\u00f3n debe resolver en 10 d\u00edas.<\/p>\n<p>Bajo la asesor\u00eda del Abg. Max Ochoa, ven con buenos ojos el haber dado este primer paso y esperan que las autoridades puedan decidir en derecho los recursos subjetivos expuestos. Lo que significar\u00eda la entrega de formularios para iniciar con la recolecci\u00f3n de firmas e iniciar el proceso ante el alcalde de Paltas que lleg\u00f3 al poder con el apadrinamiento del movimiento CREO.<\/p>\n<p>Hasta la culminaci\u00f3n de esta nota, no hay un pronunciamiento por parte del Alcalde Feijo\u00f3 en ninguno de los canales de comunicaci\u00f3n oficiales.<\/p>\n<p><em>Sigue nuestras noticias en #LDMnoticias #lodelmomentolojaLDM<\/em><\/p>\n","protected":false},"excerpt":{"rendered":"<p>Un colectivo de ciudadanos del cant\u00f3n Paltas encabezados por Julio Carri\u00f3n, han promovido una acci\u00f3n&#8230;<\/p>\n","protected":false},"author":1,"featured_media":5890,"comment_status":"open","ping_status":"open","sticky":false,"template":"","format":"standard","meta":{"footnotes":""},"categories":[7,5],"tags":[],"class_list":["post-5888","post","type-post","status-publish","format-standard","has-post-thumbnail","hentry","category-ecuador","category-loja"],"_links":{"self":[{"href":"https:\/\/www.lodelmomentoloja.com\/index.php?rest_route=\/wp\/v2\/posts\/5888"}],"collection":[{"href":"https:\/\/www.lodelmomentoloja.com\/index.php?rest_route=\/wp\/v2\/posts"}],"about":[{"href":"https:\/\/www.lodelmomentoloja.com\/index.php?rest_route=\/wp\/v2\/types\/post"}],"author":[{"embeddable":true,"href":"https:\/\/www.lodelmomentoloja.com\/index.php?rest_route=\/wp\/v2\/users\/1"}],"replies":[{"embeddable":true,"href":"https:\/\/www.lodelmomentoloja.com\/index.php?rest_route=%2Fwp%2Fv2%2Fcomments&post=5888"}],"version-history":[{"count":1,"href":"https:\/\/www.lodelmomentoloja.com\/index.php?rest_route=\/wp\/v2\/posts\/5888\/revisions"}],"predecessor-version":[{"id":5889,"href":"https:\/\/www.lodelmomentoloja.com\/index.php?rest_route=\/wp\/v2\/posts\/5888\/revisions\/5889"}],"wp:featuredmedia":[{"embeddable":true,"href":"https:\/\/www.lodelmomentoloja.com\/index.php?rest_route=\/wp\/v2\/media\/5890"}],"wp:attachment":[{"href":"https:\/\/www.lodelmomentoloja.com\/index.php?rest_route=%2Fwp%2Fv2%2Fmedia&parent=5888"}],"wp:term":[{"taxonomy":"category","embeddable":true,"href":"https:\/\/www.lodelmomentoloja.com\/index.php?rest_route=%2Fwp%2Fv2%2Fcategories&post=5888"},{"taxonomy":"post_tag","embeddable":true,"href":"https:\/\/www.lodelmomentoloja.com\/index.php?rest_route=%2Fwp%2Fv2%2Ftags&post=5888"}],"curies":[{"name":"wp","href":"https:\/\/api.w.org\/{rel}","templated":true}]}}