{"id":5878,"date":"2021-10-21T09:19:47","date_gmt":"2021-10-21T09:19:47","guid":{"rendered":"https:\/\/www.lodelmomentoloja.com\/?p=5878"},"modified":"2021-10-21T14:20:44","modified_gmt":"2021-10-21T14:20:44","slug":"ex-defensor-sentenciado-a-prision","status":"publish","type":"post","link":"https:\/\/www.lodelmomentoloja.com\/?p=5878","title":{"rendered":"Ex Defensor sentenciado a prisi\u00f3n."},"content":{"rendered":"<p dir=\"ltr\">#Ecuador | Freddy Carri\u00f3n fue sentenciado a tres a\u00f1os de c\u00e1rcel por abuso sexual.<\/p>\n<p dir=\"ltr\">El Tribunal, conformado por los jueces Marco Rodr\u00edguez, Daniella Camacho y Walter Mac\u00edas, sentenci\u00f3 al exdefensor del Pueblo Freddy Carri\u00f3n por el delito de abuso sexual.<\/p>\n<p dir=\"ltr\">El 20 de octubre del 2021, durante una audiencia en la Corte Nacional, los jueces le impusieron tres a\u00f1os de c\u00e1rcel como autor de ese il\u00edcito.<\/p>\n<p dir=\"ltr\">Ang\u00e9lica Porras, abogada que forma parte de la defensa del exdefensor del Pueblo, asegur\u00f3\u00a0 a un medio nacional que \u201ceste juicio y esta sentencia son pol\u00edticos\u201c.<\/p>\n<p dir=\"ltr\">Poco despu\u00e9s de que fuera dictada la sentencia, la esposa del exdefensor Priscila Schettini dijo a los medios de comunicaci\u00f3n que \u201cen este pa\u00eds no existe justicia. No se ha podido justificar por qu\u00e9 lo van a detener tres a\u00f1os por un delito que no ha cometido.<\/p>\n<p dir=\"ltr\">Via: El Comercio.<\/p>\n<p dir=\"ltr\">www.lodelmomentoloja.com<br \/>\n#LDMnoticias #lodelmomentolojaLDM<\/p>\n","protected":false},"excerpt":{"rendered":"<p>#Ecuador | Freddy Carri\u00f3n fue sentenciado a tres a\u00f1os de c\u00e1rcel por abuso sexual. El&#8230;<\/p>\n","protected":false},"author":1,"featured_media":5879,"comment_status":"open","ping_status":"open","sticky":false,"template":"","format":"standard","meta":{"footnotes":""},"categories":[7],"tags":[],"class_list":["post-5878","post","type-post","status-publish","format-standard","has-post-thumbnail","hentry","category-ecuador"],"_links":{"self":[{"href":"https:\/\/www.lodelmomentoloja.com\/index.php?rest_route=\/wp\/v2\/posts\/5878"}],"collection":[{"href":"https:\/\/www.lodelmomentoloja.com\/index.php?rest_route=\/wp\/v2\/posts"}],"about":[{"href":"https:\/\/www.lodelmomentoloja.com\/index.php?rest_route=\/wp\/v2\/types\/post"}],"author":[{"embeddable":true,"href":"https:\/\/www.lodelmomentoloja.com\/index.php?rest_route=\/wp\/v2\/users\/1"}],"replies":[{"embeddable":true,"href":"https:\/\/www.lodelmomentoloja.com\/index.php?rest_route=%2Fwp%2Fv2%2Fcomments&post=5878"}],"version-history":[{"count":1,"href":"https:\/\/www.lodelmomentoloja.com\/index.php?rest_route=\/wp\/v2\/posts\/5878\/revisions"}],"predecessor-version":[{"id":5880,"href":"https:\/\/www.lodelmomentoloja.com\/index.php?rest_route=\/wp\/v2\/posts\/5878\/revisions\/5880"}],"wp:featuredmedia":[{"embeddable":true,"href":"https:\/\/www.lodelmomentoloja.com\/index.php?rest_route=\/wp\/v2\/media\/5879"}],"wp:attachment":[{"href":"https:\/\/www.lodelmomentoloja.com\/index.php?rest_route=%2Fwp%2Fv2%2Fmedia&parent=5878"}],"wp:term":[{"taxonomy":"category","embeddable":true,"href":"https:\/\/www.lodelmomentoloja.com\/index.php?rest_route=%2Fwp%2Fv2%2Fcategories&post=5878"},{"taxonomy":"post_tag","embeddable":true,"href":"https:\/\/www.lodelmomentoloja.com\/index.php?rest_route=%2Fwp%2Fv2%2Ftags&post=5878"}],"curies":[{"name":"wp","href":"https:\/\/api.w.org\/{rel}","templated":true}]}}