{"id":5863,"date":"2021-10-19T16:44:38","date_gmt":"2021-10-19T16:44:38","guid":{"rendered":"https:\/\/www.lodelmomentoloja.com\/?p=5863"},"modified":"2021-10-19T21:45:31","modified_gmt":"2021-10-19T21:45:31","slug":"congreso-mundial-de-metafisica","status":"publish","type":"post","link":"https:\/\/www.lodelmomentoloja.com\/?p=5863","title":{"rendered":"Congreso Mundial de Metaf\u00edsica."},"content":{"rendered":"<p>#Ecuador | Metaf\u00edsica, ciencias y humanidades: un di\u00e1logo necesario.<\/p>\n<p>Participantes de treinta pa\u00edses en el VIII Congreso Mundial de Metaf\u00edsica del 27 al 29 octubre online.<\/p>\n<p>El evento lo organizan la Fondazione Idente di Studi e di Ricerca, la Fundaci\u00f3n Idente de Estudios e Investigaci\u00f3n, la Fundaci\u00f3n Fernando Rielo y la Universidad T\u00e9cnica Particular de Loja \u2013 Ecuador (UTPL). Cuenta con el apoyo de la Universidad Francisco de Vitoria-UFV Madrid, la Universidad Pontificia de Salamanca (Espa\u00f1a), la Pontificia Universidad Cat\u00f3lica del Ecuador &#8211; PUCE Santo Domingo e Ibarra, la Christ University, Bangalore \u2013 India y la University of the Philippines.<br \/>\nEste foro internacional de di\u00e1logo sobre la relaci\u00f3n entre metaf\u00edsica, m\u00edstica, ciencias experienciales y experimentales, creado por Fernando Rielo, en el a\u00f1o 2000 en Roma, se propone, como objetivo, abrir horizontes hacia una metaf\u00edsica impulsora de la vida, de la ciencia y de la cultura, partiendo de la vocaci\u00f3n universal del ser humano a la reflexi\u00f3n y a la b\u00fasqueda del sentido y del fundamento \u00faltimo de las ciencias y del saber.<\/p>\n<p>Doce son las \u00e1reas tem\u00e1ticas que recogen las aportaciones de unos 200 acad\u00e9micos, investigadores y estudiantes de 30 pa\u00edses de los cinco continentes.<\/p>\n<p>&nbsp;<\/p>\n<p>1.\u00a0\u00a0\u00a0\u00a0\u00a0\u00a0\u00a0\u00a0\u00a0\u00a0\u00a0\u00a0\u00a0\u00a0\u00a0\u00a0 Orientaci\u00f3n del discurso antropol\u00f3gico: niveles, \u00e1mbitos y dimensiones de la persona.<\/p>\n<p>2.\u00a0\u00a0\u00a0\u00a0\u00a0\u00a0\u00a0\u00a0\u00a0\u00a0\u00a0\u00a0\u00a0\u00a0\u00a0\u00a0 Creaci\u00f3n y evoluci\u00f3n: metaf\u00edsica, ciencia, ecolog\u00eda y religi\u00f3n.<\/p>\n<p>3.\u00a0\u00a0\u00a0\u00a0\u00a0\u00a0\u00a0\u00a0\u00a0\u00a0\u00a0\u00a0\u00a0\u00a0\u00a0\u00a0 La persona ante los desaf\u00edos de la rob\u00f3tica, la realidad virtual y la inteligencia artificial.<\/p>\n<p>4.\u00a0\u00a0\u00a0\u00a0\u00a0\u00a0\u00a0\u00a0\u00a0\u00a0\u00a0\u00a0\u00a0\u00a0\u00a0\u00a0 Consciencia y neurociencias.<\/p>\n<p>5.\u00a0\u00a0\u00a0\u00a0\u00a0\u00a0\u00a0\u00a0\u00a0\u00a0\u00a0\u00a0\u00a0\u00a0\u00a0\u00a0 Pandemia y postpandemia: entre lo personal y lo global.<\/p>\n<p>6.\u00a0\u00a0\u00a0\u00a0\u00a0\u00a0\u00a0\u00a0\u00a0\u00a0\u00a0\u00a0\u00a0\u00a0\u00a0\u00a0 La persona ante la sexualidad: constantes y variables.<\/p>\n<p>7.\u00a0\u00a0\u00a0\u00a0\u00a0\u00a0\u00a0\u00a0\u00a0\u00a0\u00a0\u00a0\u00a0\u00a0\u00a0\u00a0 Unidad y diversidad en la formaci\u00f3n humana integral.<\/p>\n<p>8.\u00a0\u00a0\u00a0\u00a0\u00a0\u00a0\u00a0\u00a0\u00a0\u00a0\u00a0\u00a0\u00a0\u00a0\u00a0\u00a0 Autoridad y libertad en las distintas esferas de la experiencia y de las decisiones.<\/p>\n<p>9.\u00a0\u00a0\u00a0\u00a0\u00a0\u00a0\u00a0\u00a0\u00a0\u00a0\u00a0\u00a0\u00a0\u00a0\u00a0\u00a0 Cultura, arte y deporte en un mundo que cambia.<\/p>\n<p>10.\u00a0\u00a0\u00a0\u00a0\u00a0\u00a0\u00a0\u00a0\u00a0\u00a0\u00a0\u00a0 M\u00edstica y ecumenismo religioso y cultural.<\/p>\n<p>11.\u00a0\u00a0\u00a0\u00a0\u00a0\u00a0\u00a0\u00a0\u00a0\u00a0\u00a0\u00a0 La \u00e9tica permanente ante los nuevos humanismos.<\/p>\n<p>12.\u00a0\u00a0\u00a0\u00a0\u00a0\u00a0\u00a0\u00a0\u00a0\u00a0\u00a0\u00a0 La complementariedad entre metaf\u00edsica y vida m\u00edstica.<\/p>\n<p>www.lodelmomentoloja.com<br \/>\n#LDMnoticias #lodelmomentolojaLDM<\/p>\n","protected":false},"excerpt":{"rendered":"<p>#Ecuador | Metaf\u00edsica, ciencias y humanidades: un di\u00e1logo necesario. Participantes de treinta pa\u00edses en el&#8230;<\/p>\n","protected":false},"author":1,"featured_media":5864,"comment_status":"open","ping_status":"open","sticky":false,"template":"","format":"standard","meta":{"footnotes":""},"categories":[7],"tags":[],"class_list":["post-5863","post","type-post","status-publish","format-standard","has-post-thumbnail","hentry","category-ecuador"],"_links":{"self":[{"href":"https:\/\/www.lodelmomentoloja.com\/index.php?rest_route=\/wp\/v2\/posts\/5863"}],"collection":[{"href":"https:\/\/www.lodelmomentoloja.com\/index.php?rest_route=\/wp\/v2\/posts"}],"about":[{"href":"https:\/\/www.lodelmomentoloja.com\/index.php?rest_route=\/wp\/v2\/types\/post"}],"author":[{"embeddable":true,"href":"https:\/\/www.lodelmomentoloja.com\/index.php?rest_route=\/wp\/v2\/users\/1"}],"replies":[{"embeddable":true,"href":"https:\/\/www.lodelmomentoloja.com\/index.php?rest_route=%2Fwp%2Fv2%2Fcomments&post=5863"}],"version-history":[{"count":1,"href":"https:\/\/www.lodelmomentoloja.com\/index.php?rest_route=\/wp\/v2\/posts\/5863\/revisions"}],"predecessor-version":[{"id":5865,"href":"https:\/\/www.lodelmomentoloja.com\/index.php?rest_route=\/wp\/v2\/posts\/5863\/revisions\/5865"}],"wp:featuredmedia":[{"embeddable":true,"href":"https:\/\/www.lodelmomentoloja.com\/index.php?rest_route=\/wp\/v2\/media\/5864"}],"wp:attachment":[{"href":"https:\/\/www.lodelmomentoloja.com\/index.php?rest_route=%2Fwp%2Fv2%2Fmedia&parent=5863"}],"wp:term":[{"taxonomy":"category","embeddable":true,"href":"https:\/\/www.lodelmomentoloja.com\/index.php?rest_route=%2Fwp%2Fv2%2Fcategories&post=5863"},{"taxonomy":"post_tag","embeddable":true,"href":"https:\/\/www.lodelmomentoloja.com\/index.php?rest_route=%2Fwp%2Fv2%2Ftags&post=5863"}],"curies":[{"name":"wp","href":"https:\/\/api.w.org\/{rel}","templated":true}]}}