{"id":5821,"date":"2021-10-15T10:40:17","date_gmt":"2021-10-15T10:40:17","guid":{"rendered":"https:\/\/www.lodelmomentoloja.com\/?p=5821"},"modified":"2021-10-15T15:29:50","modified_gmt":"2021-10-15T15:29:50","slug":"prefectura-entrega-puente-en-el-lucero","status":"publish","type":"post","link":"https:\/\/www.lodelmomentoloja.com\/?p=5821","title":{"rendered":"Prefectura entrega puente en El Lucero."},"content":{"rendered":"<p>#Loja | Al evento asisti\u00f3 el prefecto Rafael D\u00e1vila, la viceprefecta Mar\u00eda Jos\u00e9 Coronel, los alcaldes y presidentes de los gobiernos parroquiales de los cantones Calvas, Quilanga y Esp\u00edndola, as\u00ed como moradores del sector.<\/p>\n<p>Durante su intervenci\u00f3n, Tania Castillo, presidenta del GADP El Lucero, agradeci\u00f3 a la primera autoridad provincial por el apoyo a su parroquia \u201cqueremos agradecer por la decisi\u00f3n de construir tan anhelada obra, que no solo beneficia a la parroquia El Lucero, sino que es el eje central para la comercializaci\u00f3n de productos con los cantones Quilanga y Esp\u00edndola\u201d.<\/p>\n<p>De su parte Birmania Troya, concejal rural de Calvas, record\u00f3 \u201ca\u00f1os atr\u00e1s, una fuerte temporada invernal arras\u00f3 con la alcantarilla que ten\u00edamos aqu\u00ed, a lo mejor era la oportunidad para construir un puente digno para nuestra parroquia\u2026 queremos agradecerle por esa buena decisi\u00f3n de apoyar a los agricultores y transportistas, aqu\u00ed estaremos la gente del sector para devolver esta obra con la producci\u00f3n, comercializaci\u00f3n y con el turismo\u201d.<\/p>\n<p>El alcalde de Calvas, Alex Padilla resalt\u00f3 la importancia de este proyecto \u201cdefinitivamente esta obra aportar\u00e1 al desarrollo de los diferentes cantones\u2026 como personas de bien reconocemos la ardua labor que efect\u00faa el prefecto y la viceprefecta, sin duda alguna evidenciamos un antes y un despu\u00e9s de la realidad en la vialidad rural, gracias por todo eso, ahora las parroquias est\u00e1n mejor atendidas con sus v\u00edas asfaltadas\u201d.<\/p>\n<p>Durante su intervenci\u00f3n el prefecto Rafael D\u00e1vila, indic\u00f3 que la inversi\u00f3n en esta obra es de aproximadamente 500.000 d\u00f3lares, monto que incluye los estudios, construcci\u00f3n y fiscalizaci\u00f3n, adem\u00e1s agradeci\u00f3 a la C\u00e1mara Provincial, \u201cel apoyo de los alcaldes es vital para cumplir nuestro plan de trabajo, ellos son conscientes de todo lo que hacemos por la provincia\u201d, tambi\u00e9n destac\u00f3 que \u201cla obra sirve a tres cantones como son Calvas, Quilanga y Esp\u00edndola, esto ayudar\u00e1 a que mejore el turismo, la conectividad y producci\u00f3n de la zona\u201d.<\/p>\n<p>El puente tiene un ancho de calzada de 8.70 metros, con veredas a cada lado, entre los trabajos ejecutados se realizaron excavaciones y rellenos, construcci\u00f3n de estribos en hormig\u00f3n armado, muros de ala en hormig\u00f3n armado, muros de escollera de protecci\u00f3n a los estribos, terminado en vigas met\u00e1licas, terminado y fundici\u00f3n de losa en hormig\u00f3n armado, pasamanos con poste de hormig\u00f3n &#8211; tuber\u00eda HG.<\/p>\n<p>#LDMnoticias #lodelmomentolojaLDM<\/p>\n","protected":false},"excerpt":{"rendered":"<p>#Loja | Al evento asisti\u00f3 el prefecto Rafael D\u00e1vila, la viceprefecta Mar\u00eda Jos\u00e9 Coronel, los&#8230;<\/p>\n","protected":false},"author":1,"featured_media":5822,"comment_status":"open","ping_status":"open","sticky":false,"template":"","format":"standard","meta":{"footnotes":""},"categories":[5],"tags":[],"class_list":["post-5821","post","type-post","status-publish","format-standard","has-post-thumbnail","hentry","category-loja"],"_links":{"self":[{"href":"https:\/\/www.lodelmomentoloja.com\/index.php?rest_route=\/wp\/v2\/posts\/5821"}],"collection":[{"href":"https:\/\/www.lodelmomentoloja.com\/index.php?rest_route=\/wp\/v2\/posts"}],"about":[{"href":"https:\/\/www.lodelmomentoloja.com\/index.php?rest_route=\/wp\/v2\/types\/post"}],"author":[{"embeddable":true,"href":"https:\/\/www.lodelmomentoloja.com\/index.php?rest_route=\/wp\/v2\/users\/1"}],"replies":[{"embeddable":true,"href":"https:\/\/www.lodelmomentoloja.com\/index.php?rest_route=%2Fwp%2Fv2%2Fcomments&post=5821"}],"version-history":[{"count":1,"href":"https:\/\/www.lodelmomentoloja.com\/index.php?rest_route=\/wp\/v2\/posts\/5821\/revisions"}],"predecessor-version":[{"id":5823,"href":"https:\/\/www.lodelmomentoloja.com\/index.php?rest_route=\/wp\/v2\/posts\/5821\/revisions\/5823"}],"wp:featuredmedia":[{"embeddable":true,"href":"https:\/\/www.lodelmomentoloja.com\/index.php?rest_route=\/wp\/v2\/media\/5822"}],"wp:attachment":[{"href":"https:\/\/www.lodelmomentoloja.com\/index.php?rest_route=%2Fwp%2Fv2%2Fmedia&parent=5821"}],"wp:term":[{"taxonomy":"category","embeddable":true,"href":"https:\/\/www.lodelmomentoloja.com\/index.php?rest_route=%2Fwp%2Fv2%2Fcategories&post=5821"},{"taxonomy":"post_tag","embeddable":true,"href":"https:\/\/www.lodelmomentoloja.com\/index.php?rest_route=%2Fwp%2Fv2%2Ftags&post=5821"}],"curies":[{"name":"wp","href":"https:\/\/api.w.org\/{rel}","templated":true}]}}