{"id":5794,"date":"2021-10-13T11:04:55","date_gmt":"2021-10-13T11:04:55","guid":{"rendered":"https:\/\/www.lodelmomentoloja.com\/?p=5794"},"modified":"2021-10-13T21:06:24","modified_gmt":"2021-10-13T21:06:24","slug":"carapaz-y-su-bicicleta-reciben-la-bendicion-del-papa","status":"publish","type":"post","link":"https:\/\/www.lodelmomentoloja.com\/?p=5794","title":{"rendered":"Carapaz y su bicicleta reciben la bendici\u00f3n del Papa"},"content":{"rendered":"<p>#Internacional | El ciclista Richard Carapaz recibi\u00f3 la bendici\u00f3n apost\u00f3lica conferida por el papa Francisco.<\/p>\n<p>Monse\u00f1or Danilo Echeverr\u00eda, administrador apost\u00f3lico de la Di\u00f3cesis de Tulc\u00e1n, entreg\u00f3 el documento en una misa de acci\u00f3n de gracias por los logros alcanzados por el campe\u00f3n ol\u00edmpico, efectuada el 12 de octubre de 2021.<\/p>\n<p>Echeverr\u00eda en d\u00edas anteriores viaj\u00f3 al Vaticano en donde obtuvo esta bendici\u00f3n especial con el siguiente texto: Su Santidad Francisco imparte de coraz\u00f3n la bendici\u00f3n apost\u00f3lica a Richard Antonio Carapaz Montenegro e invoca por intercesi\u00f3n de Mar\u00eda Sant\u00edsima abundancia de gracias divinas.<\/p>\n<p>El administrador apost\u00f3lico resalt\u00f3 que el deportista de \u00e9lite ha vencido dificultades de todo tipo para poder desarrollar su carrera deportiva. \u201cNos congratulamos por tan significativo logro que muy pocas personas en el mundo pueden alcanzar\u201d.<\/p>\n<p>www.lodelmomentoloja.com<br \/>\n#LDMnoticias #lodelmomentolojaLDM<\/p>\n","protected":false},"excerpt":{"rendered":"<p>#Internacional | El ciclista Richard Carapaz recibi\u00f3 la bendici\u00f3n apost\u00f3lica conferida por el papa Francisco&#8230;.<\/p>\n","protected":false},"author":1,"featured_media":5795,"comment_status":"open","ping_status":"open","sticky":false,"template":"","format":"standard","meta":{"footnotes":""},"categories":[4],"tags":[],"class_list":["post-5794","post","type-post","status-publish","format-standard","has-post-thumbnail","hentry","category-internacional"],"_links":{"self":[{"href":"https:\/\/www.lodelmomentoloja.com\/index.php?rest_route=\/wp\/v2\/posts\/5794"}],"collection":[{"href":"https:\/\/www.lodelmomentoloja.com\/index.php?rest_route=\/wp\/v2\/posts"}],"about":[{"href":"https:\/\/www.lodelmomentoloja.com\/index.php?rest_route=\/wp\/v2\/types\/post"}],"author":[{"embeddable":true,"href":"https:\/\/www.lodelmomentoloja.com\/index.php?rest_route=\/wp\/v2\/users\/1"}],"replies":[{"embeddable":true,"href":"https:\/\/www.lodelmomentoloja.com\/index.php?rest_route=%2Fwp%2Fv2%2Fcomments&post=5794"}],"version-history":[{"count":1,"href":"https:\/\/www.lodelmomentoloja.com\/index.php?rest_route=\/wp\/v2\/posts\/5794\/revisions"}],"predecessor-version":[{"id":5796,"href":"https:\/\/www.lodelmomentoloja.com\/index.php?rest_route=\/wp\/v2\/posts\/5794\/revisions\/5796"}],"wp:featuredmedia":[{"embeddable":true,"href":"https:\/\/www.lodelmomentoloja.com\/index.php?rest_route=\/wp\/v2\/media\/5795"}],"wp:attachment":[{"href":"https:\/\/www.lodelmomentoloja.com\/index.php?rest_route=%2Fwp%2Fv2%2Fmedia&parent=5794"}],"wp:term":[{"taxonomy":"category","embeddable":true,"href":"https:\/\/www.lodelmomentoloja.com\/index.php?rest_route=%2Fwp%2Fv2%2Fcategories&post=5794"},{"taxonomy":"post_tag","embeddable":true,"href":"https:\/\/www.lodelmomentoloja.com\/index.php?rest_route=%2Fwp%2Fv2%2Ftags&post=5794"}],"curies":[{"name":"wp","href":"https:\/\/api.w.org\/{rel}","templated":true}]}}