{"id":5709,"date":"2021-10-07T11:00:32","date_gmt":"2021-10-07T11:00:32","guid":{"rendered":"https:\/\/www.lodelmomentoloja.com\/?p=5709"},"modified":"2021-10-07T17:07:36","modified_gmt":"2021-10-07T17:07:36","slug":"reconocimientopabloreyes","status":"publish","type":"post","link":"https:\/\/www.lodelmomentoloja.com\/?p=5709","title":{"rendered":"HCSA reconoce al galeno Pablo Reyes"},"content":{"rendered":"<p>Hoy, <strong>el galeno Pablo Reyes Bermeo<\/strong> con la especialidad de Otorrinolaring\u00f3logo arrib\u00f3 a Loja luego de haber sido <strong>reconocido por la Embajada del Ecuador en Espa\u00f1a como &#8220;Migrante Ecuatoriano&#8221;<\/strong>, acto que hace meritoria la carrera profesional del profesional de la salud, y poder ofrecer su conocimiento desde el Hospital Cl\u00ednica San Agust\u00edn.<\/p>\n<p>En honor a esa reciprocidad, HCSA realiz\u00f3 una ceremonia desde el sal\u00f3n de los Alcaldes en el municipio de Loja con la presencia de diferentes autoridades, como: Mario Mancino, Gobernador de Loja; Jorge Bail\u00f3n, Alcalde de Loja; Rafael D\u00e1vila, Prefecto de Loja; Isabel Cueva, Coordinadora Zonal 7 de Salud; y otras entidades importantes de la provincia, para reconocer a tan destacado m\u00e9dico lojano, que luego de una amplia trayectoria sigue confiando en la tierra que lo vio nacer.<\/p>\n<p>Dr. David Romo, Gerente de HCSA, felicit\u00f3 Pablo y su familia por tan alto reconocimiento, mencionando: \u201cAgradezco a Pablo por compartir este sue\u00f1o, de construir una Loja pr\u00f3spera, que est\u00e9 a la altura de las grandes ciudades alrededor del mundo y convencido estoy, que podemos hacer realidad desde el sur, lo que en otros tiempos fueron solo sue\u00f1o\u201d<\/p>\n<p>.<\/p>\n<p><img loading=\"lazy\" decoding=\"async\" class=\"wp-image-5721 alignleft\" src=\"http:\/\/www.lodelmomentoloja.com\/wp-content\/uploads\/2021\/10\/2222-1-1024x1024.jpg\" alt=\"\" width=\"449\" height=\"449\" srcset=\"https:\/\/www.lodelmomentoloja.com\/wp-content\/uploads\/2021\/10\/2222-1-1024x1024.jpg 1024w, https:\/\/www.lodelmomentoloja.com\/wp-content\/uploads\/2021\/10\/2222-1-300x300.jpg 300w, https:\/\/www.lodelmomentoloja.com\/wp-content\/uploads\/2021\/10\/2222-1-150x150.jpg 150w\" sizes=\"(max-width: 449px) 100vw, 449px\" \/><\/p>\n<p>&nbsp;<\/p>\n<p style=\"text-align: left;\">As\u00ed mismo; Jorge Bail\u00f3n Alcalde de Loja, resalt\u00f3 \u201cSaludo tambi\u00e9n al HCSA, entidad donde prestar\u00e1 sus servicios, estoy seguro que la salud de los lojanos est\u00e1 garantizada por un profesional de tan alta jerarqu\u00eda\u201d.<\/p>\n<p style=\"text-align: left;\">Adicional a ello, entreg\u00f3 un presente al Dr. Pablo Reyes a nombre del Municipio de Loja.<\/p>\n<p>&nbsp;<\/p>\n<p><em>Sigue m\u00e1s noticias en:<\/em><\/p>\n<p><em>#LDMnoticias \u00f3 #lodelmomentolojaLDM<\/em><\/p>\n","protected":false},"excerpt":{"rendered":"<p>Hoy, el galeno Pablo Reyes Bermeo con la especialidad de Otorrinolaring\u00f3logo arrib\u00f3 a Loja luego&#8230;<\/p>\n","protected":false},"author":1,"featured_media":5722,"comment_status":"open","ping_status":"open","sticky":false,"template":"","format":"standard","meta":{"footnotes":""},"categories":[1,5],"tags":[],"class_list":["post-5709","post","type-post","status-publish","format-standard","has-post-thumbnail","hentry","category-inicio","category-loja"],"_links":{"self":[{"href":"https:\/\/www.lodelmomentoloja.com\/index.php?rest_route=\/wp\/v2\/posts\/5709"}],"collection":[{"href":"https:\/\/www.lodelmomentoloja.com\/index.php?rest_route=\/wp\/v2\/posts"}],"about":[{"href":"https:\/\/www.lodelmomentoloja.com\/index.php?rest_route=\/wp\/v2\/types\/post"}],"author":[{"embeddable":true,"href":"https:\/\/www.lodelmomentoloja.com\/index.php?rest_route=\/wp\/v2\/users\/1"}],"replies":[{"embeddable":true,"href":"https:\/\/www.lodelmomentoloja.com\/index.php?rest_route=%2Fwp%2Fv2%2Fcomments&post=5709"}],"version-history":[{"count":7,"href":"https:\/\/www.lodelmomentoloja.com\/index.php?rest_route=\/wp\/v2\/posts\/5709\/revisions"}],"predecessor-version":[{"id":5725,"href":"https:\/\/www.lodelmomentoloja.com\/index.php?rest_route=\/wp\/v2\/posts\/5709\/revisions\/5725"}],"wp:featuredmedia":[{"embeddable":true,"href":"https:\/\/www.lodelmomentoloja.com\/index.php?rest_route=\/wp\/v2\/media\/5722"}],"wp:attachment":[{"href":"https:\/\/www.lodelmomentoloja.com\/index.php?rest_route=%2Fwp%2Fv2%2Fmedia&parent=5709"}],"wp:term":[{"taxonomy":"category","embeddable":true,"href":"https:\/\/www.lodelmomentoloja.com\/index.php?rest_route=%2Fwp%2Fv2%2Fcategories&post=5709"},{"taxonomy":"post_tag","embeddable":true,"href":"https:\/\/www.lodelmomentoloja.com\/index.php?rest_route=%2Fwp%2Fv2%2Ftags&post=5709"}],"curies":[{"name":"wp","href":"https:\/\/api.w.org\/{rel}","templated":true}]}}