{"id":5566,"date":"2021-09-28T16:23:27","date_gmt":"2021-09-28T16:23:27","guid":{"rendered":"https:\/\/www.lodelmomentoloja.com\/?p=5566"},"modified":"2021-09-28T21:23:14","modified_gmt":"2021-09-28T21:23:14","slug":"ecuatoriana-en-el-top-10-de-ciclistas-en-la-vuelta-a-colombia","status":"publish","type":"post","link":"https:\/\/www.lodelmomentoloja.com\/?p=5566","title":{"rendered":"Ecuatoriana en el TOP 10 de ciclistas en la Vuelta a Colombia."},"content":{"rendered":"<div class=\"kvgmc6g5 cxmmr5t8 oygrvhab hcukyx3x c1et5uql ii04i59q\">\n<div dir=\"auto\"><a class=\"oajrlxb2 g5ia77u1 qu0x051f esr5mh6w e9989ue4 r7d6kgcz rq0escxv nhd2j8a9 nc684nl6 p7hjln8o kvgmc6g5 cxmmr5t8 oygrvhab hcukyx3x jb3vyjys rz4wbd8a qt6c0cv9 a8nywdso i1ao9s8h esuyzwwr f1sip0of lzcic4wl q66pz984 gpro0wi8 b1v8xokw\" tabindex=\"0\" role=\"link\" href=\"https:\/\/www.facebook.com\/hashtag\/internacional?__eep__=6&amp;__cft__[0]=AZUqj1ljc5Y5IwREj8lNFU5WtYjn2gLvr8PPeD4of78Za4fb5M21rJnzQQQCIHHRRsA3U5a09L4uHZhjicWb7zd4XxXZoQPEn6H4RpyYp9b99PyyNQ4iX2cjyuUwy7Gu-dMzU2FJw0drtgbBLJkyrPAsx5JV_wjugbalXI8RDzcQew&amp;__tn__=*NK-R\">#Internacional<\/a> | Ecuatoriana en el TOP 10 de ciclistas en la Vuelta a Colombia.<\/div>\n<div dir=\"auto\"><\/div>\n<\/div>\n<div class=\"o9v6fnle cxmmr5t8 oygrvhab hcukyx3x c1et5uql ii04i59q\">\n<div dir=\"auto\">La venezolana Lilibeth Chac\u00f3n sorprendi\u00f3 en el tramo final y se qued\u00f3 con el triunfo de la primera etapa de la Vuelta a Colombia Femenina<\/div>\n<div dir=\"auto\"><\/div>\n<\/div>\n<div class=\"o9v6fnle cxmmr5t8 oygrvhab hcukyx3x c1et5uql ii04i59q\">\n<div dir=\"auto\">La llanera registr\u00f3 un tiempo de 2 horas 19 segundos para el tramo de 85,3 kil\u00f3metros, que cerr\u00f3 este martes en el Alto de Mengua. La ecuatoriana N\u00fa\u00f1ez (Liro Sport-El Faro), campeona del 2020, cruz\u00f3 la meta en s\u00e9ptimo lugar y con igual registro que Chac\u00f3n.<\/div>\n<div dir=\"auto\"><\/div>\n<\/div>\n<div class=\"o9v6fnle cxmmr5t8 oygrvhab hcukyx3x c1et5uql ii04i59q\">\n<div dir=\"auto\">La segunda etapa de la prueba se correr\u00e1 este mi\u00e9rcoles con un recorrido de 119,1 kil\u00f3metros entre Villavicencio y Lejan\u00edas. La fracci\u00f3n se compone de tres esprints intermedios.<\/div>\n<div dir=\"auto\"><\/div>\n<\/div>\n<div class=\"o9v6fnle cxmmr5t8 oygrvhab hcukyx3x c1et5uql ii04i59q\">\n<div dir=\"auto\"><a class=\"oajrlxb2 g5ia77u1 qu0x051f esr5mh6w e9989ue4 r7d6kgcz rq0escxv nhd2j8a9 nc684nl6 p7hjln8o kvgmc6g5 cxmmr5t8 oygrvhab hcukyx3x jb3vyjys rz4wbd8a qt6c0cv9 a8nywdso i1ao9s8h esuyzwwr f1sip0of lzcic4wl py34i1dx gpro0wi8\" tabindex=\"0\" role=\"link\" href=\"https:\/\/l.facebook.com\/l.php?u=http%3A%2F%2Fwww.lodelmomentoloja.com%2F%3Ffbclid%3DIwAR2dIyDGMz-frtQv_LMUiNp7x8BkDKNh3mFggN8TtZrdA_Nh2mkK5BmFPkk&amp;h=AT1e89QMdeQasPrNDIS31WmSE2SYbk5SpEmJ4QjAh8J2R2p-Ar_qTnFlmgo3TX_g0X05yhLv4wQowiIHdYOmsnuW6BVpeUxzVD-rANCLSt4MZXaMLwBpOA4gQVDEOdOf&amp;__tn__=-UK-R&amp;c[0]=AT06fwyvBwZPyh3UFMoFh8_vGH0h9e8T7my_vizQYL-JRrg3CvFsbY9kRXOTPDYFDeRNHtUbnN-DeUhnPTJBNYZZ8K_R6W3x2j0RMg1sWhyHRUKKMBXvdn_H04gT5Ix9_fR-lEtvVDStTfmbWGvmS7ozcmMmTmdQNlbKgAK3cJLS0vGLktU\" target=\"_blank\" rel=\"nofollow noopener\">www.lodelmomentoloja.com<\/a><\/div>\n<div dir=\"auto\"><a class=\"oajrlxb2 g5ia77u1 qu0x051f esr5mh6w e9989ue4 r7d6kgcz rq0escxv nhd2j8a9 nc684nl6 p7hjln8o kvgmc6g5 cxmmr5t8 oygrvhab hcukyx3x jb3vyjys rz4wbd8a qt6c0cv9 a8nywdso i1ao9s8h esuyzwwr f1sip0of lzcic4wl q66pz984 gpro0wi8 b1v8xokw\" tabindex=\"0\" role=\"link\" href=\"https:\/\/www.facebook.com\/hashtag\/ldmnoticias?__eep__=6&amp;__cft__[0]=AZUqj1ljc5Y5IwREj8lNFU5WtYjn2gLvr8PPeD4of78Za4fb5M21rJnzQQQCIHHRRsA3U5a09L4uHZhjicWb7zd4XxXZoQPEn6H4RpyYp9b99PyyNQ4iX2cjyuUwy7Gu-dMzU2FJw0drtgbBLJkyrPAsx5JV_wjugbalXI8RDzcQew&amp;__tn__=*NK-R\">#LDMnoticias<\/a> <a class=\"oajrlxb2 g5ia77u1 qu0x051f esr5mh6w e9989ue4 r7d6kgcz rq0escxv nhd2j8a9 nc684nl6 p7hjln8o kvgmc6g5 cxmmr5t8 oygrvhab hcukyx3x jb3vyjys rz4wbd8a qt6c0cv9 a8nywdso i1ao9s8h esuyzwwr f1sip0of lzcic4wl q66pz984 gpro0wi8 b1v8xokw\" tabindex=\"0\" role=\"link\" href=\"https:\/\/www.facebook.com\/hashtag\/lodelmomentolojaldm?__eep__=6&amp;__cft__[0]=AZUqj1ljc5Y5IwREj8lNFU5WtYjn2gLvr8PPeD4of78Za4fb5M21rJnzQQQCIHHRRsA3U5a09L4uHZhjicWb7zd4XxXZoQPEn6H4RpyYp9b99PyyNQ4iX2cjyuUwy7Gu-dMzU2FJw0drtgbBLJkyrPAsx5JV_wjugbalXI8RDzcQew&amp;__tn__=*NK-R\">#LodelmomentolojaLDM<\/a><\/div>\n<\/div>\n","protected":false},"excerpt":{"rendered":"<p>#Internacional | Ecuatoriana en el TOP 10 de ciclistas en la Vuelta a Colombia. La&#8230;<\/p>\n","protected":false},"author":1,"featured_media":5567,"comment_status":"open","ping_status":"open","sticky":false,"template":"","format":"standard","meta":{"footnotes":""},"categories":[1],"tags":[],"class_list":["post-5566","post","type-post","status-publish","format-standard","has-post-thumbnail","hentry","category-inicio"],"_links":{"self":[{"href":"https:\/\/www.lodelmomentoloja.com\/index.php?rest_route=\/wp\/v2\/posts\/5566"}],"collection":[{"href":"https:\/\/www.lodelmomentoloja.com\/index.php?rest_route=\/wp\/v2\/posts"}],"about":[{"href":"https:\/\/www.lodelmomentoloja.com\/index.php?rest_route=\/wp\/v2\/types\/post"}],"author":[{"embeddable":true,"href":"https:\/\/www.lodelmomentoloja.com\/index.php?rest_route=\/wp\/v2\/users\/1"}],"replies":[{"embeddable":true,"href":"https:\/\/www.lodelmomentoloja.com\/index.php?rest_route=%2Fwp%2Fv2%2Fcomments&post=5566"}],"version-history":[{"count":1,"href":"https:\/\/www.lodelmomentoloja.com\/index.php?rest_route=\/wp\/v2\/posts\/5566\/revisions"}],"predecessor-version":[{"id":5568,"href":"https:\/\/www.lodelmomentoloja.com\/index.php?rest_route=\/wp\/v2\/posts\/5566\/revisions\/5568"}],"wp:featuredmedia":[{"embeddable":true,"href":"https:\/\/www.lodelmomentoloja.com\/index.php?rest_route=\/wp\/v2\/media\/5567"}],"wp:attachment":[{"href":"https:\/\/www.lodelmomentoloja.com\/index.php?rest_route=%2Fwp%2Fv2%2Fmedia&parent=5566"}],"wp:term":[{"taxonomy":"category","embeddable":true,"href":"https:\/\/www.lodelmomentoloja.com\/index.php?rest_route=%2Fwp%2Fv2%2Fcategories&post=5566"},{"taxonomy":"post_tag","embeddable":true,"href":"https:\/\/www.lodelmomentoloja.com\/index.php?rest_route=%2Fwp%2Fv2%2Ftags&post=5566"}],"curies":[{"name":"wp","href":"https:\/\/api.w.org\/{rel}","templated":true}]}}