{"id":5509,"date":"2021-09-22T16:03:08","date_gmt":"2021-09-22T16:03:08","guid":{"rendered":"https:\/\/www.lodelmomentoloja.com\/?p=5509"},"modified":"2021-09-22T21:04:24","modified_gmt":"2021-09-22T21:04:24","slug":"ecuatoriano-gano-un-contrato-para-debutar-en-la-ufc","status":"publish","type":"post","link":"https:\/\/www.lodelmomentoloja.com\/?p=5509","title":{"rendered":"Ecuatoriano gan\u00f3 un contrato para debutar en la UFC"},"content":{"rendered":"<div class=\"kvgmc6g5 cxmmr5t8 oygrvhab hcukyx3x c1et5uql ii04i59q\">\n<div dir=\"auto\"><a class=\"oajrlxb2 g5ia77u1 qu0x051f esr5mh6w e9989ue4 r7d6kgcz rq0escxv nhd2j8a9 nc684nl6 p7hjln8o kvgmc6g5 cxmmr5t8 oygrvhab hcukyx3x jb3vyjys rz4wbd8a qt6c0cv9 a8nywdso i1ao9s8h esuyzwwr f1sip0of lzcic4wl q66pz984 gpro0wi8 b1v8xokw\" tabindex=\"0\" role=\"link\" href=\"https:\/\/www.facebook.com\/hashtag\/internacional?__eep__=6&amp;__cft__[0]=AZUl1bw-uQmbA2gwm-ijcw8E4Y6dEGUPfKdTWTrt6HamIluEOIdZLS3jR-MonDVWJhgfxzKUPk5jwUHw8Q3zkpvyz2joWHPDqnKAG4ay2BZEzeb4Fqpraqrqp05bcBW12RusXsmK1DroWO2coQULjK8XRff32QyAMMFPCu3PSdmepLAUlVMb5SH7sH0exvS5uXc&amp;__tn__=*NK-R\">#Internacional<\/a> | Ecuatoriano gan\u00f3 un contrato para debutar en la UFC<\/div>\n<div dir=\"auto\"><\/div>\n<\/div>\n<div class=\"o9v6fnle cxmmr5t8 oygrvhab hcukyx3x c1et5uql ii04i59q\">\n<div dir=\"auto\">El luchador orense de artes marciales mixtas Michael Morales, se adjudic\u00f3 un contrato para debutar en la UFC, luego de ganar su combate en el evento Dana White\u2019s Contender Series, en Las Vegas (Nevada), contra el kazajo Nikolay Veretennikov (9-3-0), en un duelo de la divisi\u00f3n peso w\u00e9lter.<\/div>\n<div dir=\"auto\"><\/div>\n<\/div>\n<div class=\"o9v6fnle cxmmr5t8 oygrvhab hcukyx3x c1et5uql ii04i59q\">\n<div dir=\"auto\">El joven de 21 a\u00f1os, tiene un r\u00e9cord de 11-0 en MMA profesional y se enfrent\u00f3 a Veretennikov que viene de ser campe\u00f3n en la Fury FC, y es diez a\u00f1os mayor que Morales.<\/div>\n<div dir=\"auto\"><\/div>\n<\/div>\n<div class=\"o9v6fnle cxmmr5t8 oygrvhab hcukyx3x c1et5uql ii04i59q\">\n<div dir=\"auto\">\u201cTodo Ecuador tiene talento. El apoyo es lo fundamental. Los peleadores tratamos de salir por nuestra cuenta. Muchos salimos de gimnasios peque\u00f1os\u201c, mencion\u00f3 Morales en una entrevista el pasado Abril.<\/div>\n<div dir=\"auto\"><\/div>\n<\/div>\n<div class=\"o9v6fnle cxmmr5t8 oygrvhab hcukyx3x c1et5uql ii04i59q\">\n<div dir=\"auto\"><a class=\"oajrlxb2 g5ia77u1 qu0x051f esr5mh6w e9989ue4 r7d6kgcz rq0escxv nhd2j8a9 nc684nl6 p7hjln8o kvgmc6g5 cxmmr5t8 oygrvhab hcukyx3x jb3vyjys rz4wbd8a qt6c0cv9 a8nywdso i1ao9s8h esuyzwwr f1sip0of lzcic4wl py34i1dx gpro0wi8\" tabindex=\"0\" role=\"link\" href=\"https:\/\/l.facebook.com\/l.php?u=http%3A%2F%2Fwww.lodelmomentoloja.com%2F%3Ffbclid%3DIwAR0xHNdXUWExmsn1NG_o5gTl71tYBUZIOqptvUBY6rjhMlyvLoXLVXerA9Y&amp;h=AT2aVeLQggR9JM40_fT1m8wKBUiTgqitL1ueEm_3zvwg_TL9j5LnjWidLFsy-_ClxqKYZcd-qFJCNozI1ZbkxKAXXWbUpTEbWJu7YwQZJh62vgZ0fu-immvuIijTRrcZ&amp;__tn__=-UK-R&amp;c[0]=AT0HoCUhMTZcQcKPeK2X05ChK8pD4QNEFRYE_c_KUjskvcGEc8peJflY0zSvM2Q4RS8_36eG3-mfKkj_9REtP3tNMQBfL32LIzEQ27u3qF7Xv89ckbjPknoCwE2dnPCBQUkJz94Fz989V1oPj5mRMetsVHFVTPUKIM9SXL_ICYP66C3BYI1-YZ-ZxK7nj0UKsVJBBWGo\" target=\"_blank\" rel=\"nofollow noopener\">www.lodelmomentoloja.com<\/a><\/div>\n<div dir=\"auto\"><a class=\"oajrlxb2 g5ia77u1 qu0x051f esr5mh6w e9989ue4 r7d6kgcz rq0escxv nhd2j8a9 nc684nl6 p7hjln8o kvgmc6g5 cxmmr5t8 oygrvhab hcukyx3x jb3vyjys rz4wbd8a qt6c0cv9 a8nywdso i1ao9s8h esuyzwwr f1sip0of lzcic4wl q66pz984 gpro0wi8 b1v8xokw\" tabindex=\"0\" role=\"link\" href=\"https:\/\/www.facebook.com\/hashtag\/ldmnoticias?__eep__=6&amp;__cft__[0]=AZUl1bw-uQmbA2gwm-ijcw8E4Y6dEGUPfKdTWTrt6HamIluEOIdZLS3jR-MonDVWJhgfxzKUPk5jwUHw8Q3zkpvyz2joWHPDqnKAG4ay2BZEzeb4Fqpraqrqp05bcBW12RusXsmK1DroWO2coQULjK8XRff32QyAMMFPCu3PSdmepLAUlVMb5SH7sH0exvS5uXc&amp;__tn__=*NK-R\">#LDMnoticias<\/a> <a class=\"oajrlxb2 g5ia77u1 qu0x051f esr5mh6w e9989ue4 r7d6kgcz rq0escxv nhd2j8a9 nc684nl6 p7hjln8o kvgmc6g5 cxmmr5t8 oygrvhab hcukyx3x jb3vyjys rz4wbd8a qt6c0cv9 a8nywdso i1ao9s8h esuyzwwr f1sip0of lzcic4wl q66pz984 gpro0wi8 b1v8xokw\" tabindex=\"0\" role=\"link\" href=\"https:\/\/www.facebook.com\/hashtag\/lodelmomentolojaldm?__eep__=6&amp;__cft__[0]=AZUl1bw-uQmbA2gwm-ijcw8E4Y6dEGUPfKdTWTrt6HamIluEOIdZLS3jR-MonDVWJhgfxzKUPk5jwUHw8Q3zkpvyz2joWHPDqnKAG4ay2BZEzeb4Fqpraqrqp05bcBW12RusXsmK1DroWO2coQULjK8XRff32QyAMMFPCu3PSdmepLAUlVMb5SH7sH0exvS5uXc&amp;__tn__=*NK-R\">#lodelmomentolojaLDM<\/a><\/div>\n<\/div>\n","protected":false},"excerpt":{"rendered":"<p>#Internacional | Ecuatoriano gan\u00f3 un contrato para debutar en la UFC El luchador orense de&#8230;<\/p>\n","protected":false},"author":1,"featured_media":5510,"comment_status":"open","ping_status":"open","sticky":false,"template":"","format":"standard","meta":{"footnotes":""},"categories":[1],"tags":[],"class_list":["post-5509","post","type-post","status-publish","format-standard","has-post-thumbnail","hentry","category-inicio"],"_links":{"self":[{"href":"https:\/\/www.lodelmomentoloja.com\/index.php?rest_route=\/wp\/v2\/posts\/5509"}],"collection":[{"href":"https:\/\/www.lodelmomentoloja.com\/index.php?rest_route=\/wp\/v2\/posts"}],"about":[{"href":"https:\/\/www.lodelmomentoloja.com\/index.php?rest_route=\/wp\/v2\/types\/post"}],"author":[{"embeddable":true,"href":"https:\/\/www.lodelmomentoloja.com\/index.php?rest_route=\/wp\/v2\/users\/1"}],"replies":[{"embeddable":true,"href":"https:\/\/www.lodelmomentoloja.com\/index.php?rest_route=%2Fwp%2Fv2%2Fcomments&post=5509"}],"version-history":[{"count":1,"href":"https:\/\/www.lodelmomentoloja.com\/index.php?rest_route=\/wp\/v2\/posts\/5509\/revisions"}],"predecessor-version":[{"id":5511,"href":"https:\/\/www.lodelmomentoloja.com\/index.php?rest_route=\/wp\/v2\/posts\/5509\/revisions\/5511"}],"wp:featuredmedia":[{"embeddable":true,"href":"https:\/\/www.lodelmomentoloja.com\/index.php?rest_route=\/wp\/v2\/media\/5510"}],"wp:attachment":[{"href":"https:\/\/www.lodelmomentoloja.com\/index.php?rest_route=%2Fwp%2Fv2%2Fmedia&parent=5509"}],"wp:term":[{"taxonomy":"category","embeddable":true,"href":"https:\/\/www.lodelmomentoloja.com\/index.php?rest_route=%2Fwp%2Fv2%2Fcategories&post=5509"},{"taxonomy":"post_tag","embeddable":true,"href":"https:\/\/www.lodelmomentoloja.com\/index.php?rest_route=%2Fwp%2Fv2%2Ftags&post=5509"}],"curies":[{"name":"wp","href":"https:\/\/api.w.org\/{rel}","templated":true}]}}