{"id":5495,"date":"2021-09-22T12:30:31","date_gmt":"2021-09-22T12:30:31","guid":{"rendered":"https:\/\/www.lodelmomentoloja.com\/?p=5495"},"modified":"2021-09-22T17:35:56","modified_gmt":"2021-09-22T17:35:56","slug":"cpccs-comparecen-ante-la-comision-de-fiscalizacion","status":"publish","type":"post","link":"https:\/\/www.lodelmomentoloja.com\/?p=5495","title":{"rendered":"CPCCS comparecen ante la Comisi\u00f3n de Fiscalizaci\u00f3n."},"content":{"rendered":"<p>#Ecuador | CPCCS comparecen ante la Comisi\u00f3n de Fiscalizaci\u00f3n.<\/p>\n<p>Esta ma\u00f1ana comparecen los concejeros del Consejo de Participaci\u00f3n Ciudadana y Control Social, ante la Comisi\u00f3n de Fiscalizaci\u00f3n y Control Pol\u00edtico de la Asamblea Nacional con el objetivo de cuestionar a los concejeros sobre el encargo de la Defensor\u00eda del Pueblo a C\u00e9sar C\u00f3rdova.<\/p>\n<p>Sof\u00eda Almeida, Presidenta del CPCCS, aseguro que el encargo lo realizaron debido a la ausencia definitiva del titular de la Defensor\u00eda del Pueblo Freddy Carri\u00f3n, quien fue censurado y destituido por el pleno de la Asamblea Nacional. Adem\u00e1s, Almeida asegur\u00f3 que &#8220;La ley es muy amplia y no establece procedimiento&#8221;, sobre el proceso de encargo.<\/p>\n<p>Almeida, defendi\u00f3 el encargo de C\u00e9sar C\u00f3rdova, el cual fue elegido en el pleno del CPCCS y recalc\u00f3 que \u201cSu trayectoria profesional demuestra que s\u00ed tiene experiencia en la defensa de los derechos humanos. C\u00f3rdova tiene conocimiento e independencia\u201d, expres\u00f3.<\/p>\n<p>Sin embargo, fue cuestionada por varios asamble\u00edstas de la Comisi\u00f3n de Fiscalizaci\u00f3n. Ana Bel\u00e9n Cordero (CREO), cuestion\u00f3 que el nuevo encargado de la Defensor\u00eda del Pueblo, desde el 2015 no posee alguna experiencia en defensa de Derechos Humanos o derechos en general.<\/p>\n<p>As\u00ed mismo, han sido cuestionados cada uno de los concejeros del CPCCS por parte de los integrantes de la Comisi\u00f3n de Fiscalizaci\u00f3n de la Asamblea Nacional.<\/p>\n<p>#LDMnoticias #lodelmomentolojaLDM<\/p>\n","protected":false},"excerpt":{"rendered":"<p>#Ecuador | CPCCS comparecen ante la Comisi\u00f3n de Fiscalizaci\u00f3n. Esta ma\u00f1ana comparecen los concejeros del&#8230;<\/p>\n","protected":false},"author":1,"featured_media":5496,"comment_status":"open","ping_status":"open","sticky":false,"template":"","format":"standard","meta":{"footnotes":""},"categories":[7],"tags":[],"class_list":["post-5495","post","type-post","status-publish","format-standard","has-post-thumbnail","hentry","category-ecuador"],"_links":{"self":[{"href":"https:\/\/www.lodelmomentoloja.com\/index.php?rest_route=\/wp\/v2\/posts\/5495"}],"collection":[{"href":"https:\/\/www.lodelmomentoloja.com\/index.php?rest_route=\/wp\/v2\/posts"}],"about":[{"href":"https:\/\/www.lodelmomentoloja.com\/index.php?rest_route=\/wp\/v2\/types\/post"}],"author":[{"embeddable":true,"href":"https:\/\/www.lodelmomentoloja.com\/index.php?rest_route=\/wp\/v2\/users\/1"}],"replies":[{"embeddable":true,"href":"https:\/\/www.lodelmomentoloja.com\/index.php?rest_route=%2Fwp%2Fv2%2Fcomments&post=5495"}],"version-history":[{"count":1,"href":"https:\/\/www.lodelmomentoloja.com\/index.php?rest_route=\/wp\/v2\/posts\/5495\/revisions"}],"predecessor-version":[{"id":5497,"href":"https:\/\/www.lodelmomentoloja.com\/index.php?rest_route=\/wp\/v2\/posts\/5495\/revisions\/5497"}],"wp:featuredmedia":[{"embeddable":true,"href":"https:\/\/www.lodelmomentoloja.com\/index.php?rest_route=\/wp\/v2\/media\/5496"}],"wp:attachment":[{"href":"https:\/\/www.lodelmomentoloja.com\/index.php?rest_route=%2Fwp%2Fv2%2Fmedia&parent=5495"}],"wp:term":[{"taxonomy":"category","embeddable":true,"href":"https:\/\/www.lodelmomentoloja.com\/index.php?rest_route=%2Fwp%2Fv2%2Fcategories&post=5495"},{"taxonomy":"post_tag","embeddable":true,"href":"https:\/\/www.lodelmomentoloja.com\/index.php?rest_route=%2Fwp%2Fv2%2Ftags&post=5495"}],"curies":[{"name":"wp","href":"https:\/\/api.w.org\/{rel}","templated":true}]}}