{"id":5493,"date":"2021-09-22T11:48:06","date_gmt":"2021-09-22T11:48:06","guid":{"rendered":"https:\/\/www.lodelmomentoloja.com\/?p=5493"},"modified":"2021-09-22T18:11:59","modified_gmt":"2021-09-22T18:11:59","slug":"denuncian-presuntas-irregularidades-en-salud-macara","status":"publish","type":"post","link":"https:\/\/www.lodelmomentoloja.com\/?p=5493","title":{"rendered":"Denuncian presuntas irregularidades en Salud &#8211; Macar\u00e1"},"content":{"rendered":"<p>Presuntas irregularidades en el Distrito de Salud de Macar\u00e1.<\/p>\n<p>Mar\u00eda Fernanda Gonzal\u00e9z, es la Directora del Distrito de Salud 11D07 Macar\u00e1, nombrada en el gobierno anterior del ex Presidente Lenin Moreno, hasta el d\u00eda de hoy, no ha sido cambiada pese a las denuncias que reposan en la Coordinaci\u00f3n Zonal 7 de Salud por su presunta negligencia e irregularidades. Gonz\u00e1lez, fue brazo derecho de campa\u00f1a durante las elecciones seccionales a favor de la excandidata a la Prefectura Lorena Costa. Hoy, en la \u00faltima campa\u00f1a de 2021 colabor\u00f3 activamente a favor de la candidatura del actual presidente Guillermo Lasso.<\/p>\n<p>Durante la pandemia en el a\u00f1o 2019, fue denunciada por el mal manejo de los equipos de protecci\u00f3n que deb\u00edan ser distribuidos a todo el personal de salud sin ninguna discriminaci\u00f3n alguna. Pero, los equipos de protecci\u00f3n eran distribuidos por la misma Directora Distrital, lo que no era su competencia, arrog\u00e1ndose as\u00ed funciones. Los insumos de protecci\u00f3n habr\u00edan sido entregados solo al personal de su preferencia entre ellos su pareja sentimental, el cual posee varios privilegios dentro del Distrito de Salud, mientras el personal de salud que recorr\u00eda los barrios y comunidades tan solo asist\u00edan a la poblaci\u00f3n con una simple mascarilla y un par de guantes.<\/p>\n<p><img loading=\"lazy\" decoding=\"async\" class=\"alignleft wp-image-5498 \" src=\"http:\/\/www.lodelmomentoloja.com\/wp-content\/uploads\/2021\/09\/sssddd-629x1024.jpg\" alt=\"\" width=\"224\" height=\"365\" srcset=\"https:\/\/www.lodelmomentoloja.com\/wp-content\/uploads\/2021\/09\/sssddd-629x1024.jpg 629w, https:\/\/www.lodelmomentoloja.com\/wp-content\/uploads\/2021\/09\/sssddd-184x300.jpg 184w, https:\/\/www.lodelmomentoloja.com\/wp-content\/uploads\/2021\/09\/sssddd-768x1251.jpg 768w, https:\/\/www.lodelmomentoloja.com\/wp-content\/uploads\/2021\/09\/sssddd-640x1042.jpg 640w, https:\/\/www.lodelmomentoloja.com\/wp-content\/uploads\/2021\/09\/sssddd.jpg 786w\" sizes=\"(max-width: 224px) 100vw, 224px\" \/><\/p>\n<p>Otras de las presuntas irregularidades de la Direcci\u00f3n Distrital de Salud de Macar\u00e1, al brindarle nombramiento definitivo gracias a la Ley Humanitaria, al Dr. Santiago T. pareja sentimental de la autoridad de salud. El medico en menci\u00f3n durante toda la pandemia ocup\u00f3 un cargo administrativo, no estuvo en contacto directo con pacientes con COVID-19 tal como dicta la ley para poder acceder al nombramiento definitivo. Sorpresivamente, antes de brindarle nombramiento se le habr\u00eda asignado pacientes para justificar su nombramiento, seg\u00fan reza la denuncia presentada a la Coordinaci\u00f3n 7 de Salud.<\/p>\n<p>Y lo que ser\u00eda m\u00e1s grave, es el presunto mal manejo de las vacunas contra la COVID-19, por parte de la Directora Distrital de Salud de Macar\u00e1. Presuntamente habr\u00eda beneficiado a su propia familia con las vacunas durante la Fase 0 y 1 del plan de vacunaci\u00f3n. Fases que solo era obligatorio vacunar al personal de primera l\u00ednea que ha atendido la pandemia por COVID-19.<\/p>\n<p>Hemos insistido para acceder a una entrevista con Isabel Cueva, Coordinadora Zonal 7 de Salud, para conocer la decisi\u00f3n que se tomar\u00e1 frente a las denuncias presentadas que reposan en la instituci\u00f3n, sin embargo, por cuestiones de agenda de la autoridad no hemos podido acceder a sus declaraciones.<\/p>\n<p>&nbsp;<\/p>\n<h3><strong>DE ALIANZA PA\u00cdS A CREO.<\/strong><\/h3>\n<p><img loading=\"lazy\" decoding=\"async\" class=\"alignnone wp-image-5500 \" src=\"http:\/\/www.lodelmomentoloja.com\/wp-content\/uploads\/2021\/09\/ddssss.jpg\" alt=\"\" width=\"887\" height=\"376\" srcset=\"https:\/\/www.lodelmomentoloja.com\/wp-content\/uploads\/2021\/09\/ddssss.jpg 1024w, https:\/\/www.lodelmomentoloja.com\/wp-content\/uploads\/2021\/09\/ddssss-300x127.jpg 300w, https:\/\/www.lodelmomentoloja.com\/wp-content\/uploads\/2021\/09\/ddssss-768x326.jpg 768w, https:\/\/www.lodelmomentoloja.com\/wp-content\/uploads\/2021\/09\/ddssss-640x271.jpg 640w\" sizes=\"(max-width: 887px) 100vw, 887px\" \/><\/p>\n<p>&nbsp;<\/p>\n<p><img loading=\"lazy\" decoding=\"async\" class=\"wp-image-5499 alignleft\" src=\"http:\/\/www.lodelmomentoloja.com\/wp-content\/uploads\/2021\/09\/sss-1-516x1024.jpg\" alt=\"\" width=\"181\" height=\"359\" srcset=\"https:\/\/www.lodelmomentoloja.com\/wp-content\/uploads\/2021\/09\/sss-1-516x1024.jpg 516w, https:\/\/www.lodelmomentoloja.com\/wp-content\/uploads\/2021\/09\/sss-1-151x300.jpg 151w, https:\/\/www.lodelmomentoloja.com\/wp-content\/uploads\/2021\/09\/sss-1.jpg 540w\" sizes=\"(max-width: 181px) 100vw, 181px\" \/><\/p>\n<h3><\/h3>\n<h3><em>La actual Distrital de Salud de Macar\u00e1, ha sido una persona muy activa en cuanto a temas pol\u00edticos; ayer en Alianza Pa\u00eds, hoy en el Movimiento CREO, donde contin\u00faa una agenda pol\u00edtica activa, aprovechando las nuevas tecnolog\u00edas, como lo es la plataforma ZOOM. As\u00ed se expuso mediante algunas capturas de pantallas de chats donde este medio digital tuvo acceso.<\/em><\/h3>\n<p>&nbsp;<\/p>\n<p>&nbsp;<\/p>\n<p>&nbsp;<\/p>\n<p>&nbsp;<\/p>\n<p>&nbsp;<\/p>\n<p>En la actualidad, ya es miembro activo en el partido pol\u00edtico de CREO en Macar\u00e1, pese a las cr\u00edticas que reciben por parte de los militantes iniciales del movimiento antes mencionado.<\/p>\n<p><img loading=\"lazy\" decoding=\"async\" class=\"wp-image-5501 alignleft\" src=\"http:\/\/www.lodelmomentoloja.com\/wp-content\/uploads\/2021\/09\/dfgyhu.jpg\" alt=\"\" width=\"203\" height=\"358\" \/><\/p>\n<p>&nbsp;<\/p>\n<p>&nbsp;<\/p>\n<p>&nbsp;<\/p>\n<p>&nbsp;<\/p>\n<p>&nbsp;<\/p>\n<p>&nbsp;<\/p>\n<p>&nbsp;<\/p>\n<p>&nbsp;<\/p>\n<p>&nbsp;<\/p>\n<p>&nbsp;<\/p>\n<p>S\u00edguenos para m\u00e1s noticias con el hashtag. #LDMnoticias \u00f3<\/p>\n<p>#lodelmomentolojaLDM<\/p>\n<p>&nbsp;<\/p>\n","protected":false},"excerpt":{"rendered":"<p>Presuntas irregularidades en el Distrito de Salud de Macar\u00e1. Mar\u00eda Fernanda Gonzal\u00e9z, es la Directora&#8230;<\/p>\n","protected":false},"author":1,"featured_media":5508,"comment_status":"open","ping_status":"open","sticky":false,"template":"","format":"standard","meta":{"footnotes":""},"categories":[7,1,5],"tags":[],"class_list":["post-5493","post","type-post","status-publish","format-standard","has-post-thumbnail","hentry","category-ecuador","category-inicio","category-loja"],"_links":{"self":[{"href":"https:\/\/www.lodelmomentoloja.com\/index.php?rest_route=\/wp\/v2\/posts\/5493"}],"collection":[{"href":"https:\/\/www.lodelmomentoloja.com\/index.php?rest_route=\/wp\/v2\/posts"}],"about":[{"href":"https:\/\/www.lodelmomentoloja.com\/index.php?rest_route=\/wp\/v2\/types\/post"}],"author":[{"embeddable":true,"href":"https:\/\/www.lodelmomentoloja.com\/index.php?rest_route=\/wp\/v2\/users\/1"}],"replies":[{"embeddable":true,"href":"https:\/\/www.lodelmomentoloja.com\/index.php?rest_route=%2Fwp%2Fv2%2Fcomments&post=5493"}],"version-history":[{"count":6,"href":"https:\/\/www.lodelmomentoloja.com\/index.php?rest_route=\/wp\/v2\/posts\/5493\/revisions"}],"predecessor-version":[{"id":5507,"href":"https:\/\/www.lodelmomentoloja.com\/index.php?rest_route=\/wp\/v2\/posts\/5493\/revisions\/5507"}],"wp:featuredmedia":[{"embeddable":true,"href":"https:\/\/www.lodelmomentoloja.com\/index.php?rest_route=\/wp\/v2\/media\/5508"}],"wp:attachment":[{"href":"https:\/\/www.lodelmomentoloja.com\/index.php?rest_route=%2Fwp%2Fv2%2Fmedia&parent=5493"}],"wp:term":[{"taxonomy":"category","embeddable":true,"href":"https:\/\/www.lodelmomentoloja.com\/index.php?rest_route=%2Fwp%2Fv2%2Fcategories&post=5493"},{"taxonomy":"post_tag","embeddable":true,"href":"https:\/\/www.lodelmomentoloja.com\/index.php?rest_route=%2Fwp%2Fv2%2Ftags&post=5493"}],"curies":[{"name":"wp","href":"https:\/\/api.w.org\/{rel}","templated":true}]}}