{"id":5487,"date":"2021-09-22T09:11:31","date_gmt":"2021-09-22T09:11:31","guid":{"rendered":"https:\/\/www.lodelmomentoloja.com\/?p=5487"},"modified":"2021-09-22T14:12:58","modified_gmt":"2021-09-22T14:12:58","slug":"conversacion-entre-lasso-y-conaie","status":"publish","type":"post","link":"https:\/\/www.lodelmomentoloja.com\/?p=5487","title":{"rendered":"Conversaci\u00f3n entre Lasso y CONAIE"},"content":{"rendered":"<p dir=\"ltr\">#Nacional | Fijan fecha para una mesa de di\u00e1logo.<\/p>\n<p dir=\"ltr\">El pr\u00f3ximo lunes 4 de octubre se desarrollar\u00e1 la reuni\u00f3n entre el presidente de la Rep\u00fablica, Guillermo Lasso y la Confederaci\u00f3n de Nacionalidades Ind\u00edgenas del Ecuador (Conaie), dirigida por Leonidas Iza. El evento se desarrollar\u00e1 en el Palacio de Carondelet, con el fin de instalar las mesas del di\u00e1logo entre las partes.<\/p>\n<p dir=\"ltr\">El presidente de la Conaie, asegur\u00f3 que, en un inicio hab\u00eda propuesto acudir con una delegaci\u00f3n de al menos cien personas para estos di\u00e1logos. Esto con la idea de que est\u00e9n presentes representantes de las diferentes organizaciones, como el Frente Unitario de Trabajadores (FUT), el Frente Popular, el Consejo de Pueblos y Organizaciones Ind\u00edgenas Evang\u00e9licos del Ecuador (Feine) y la Confederaci\u00f3n Nacional de Organizaciones Campesinas, Ind\u00edgenas y Negras (Fenocin). Sin embargo, en estos d\u00edas se definir\u00e1 la cantidad exacta de personas que ser\u00e1n recibidas por el primer mandatario.<\/p>\n<p dir=\"ltr\">Adem\u00e1s, Iza indic\u00f3 que como organizaci\u00f3n est\u00e1n \u201cesperando el comunicado oficial para ultimar detalles con las bases\u201d. Precis\u00f3 que las cuatro propuestas de la confederaci\u00f3n al Gobierno van relacionadas con los precios de los combustibles, mejor\u00eda en el \u00e1mbito econ\u00f3mico, situaci\u00f3n de la miner\u00eda y costos de los productos de los campesinos.<\/p>\n<p dir=\"ltr\">\u201cEl presidente tambi\u00e9n debe dar una respuesta favorable para por lo menos tener un alivio en alguna propuesta\u201d, a\u00f1adi\u00f3 Iza.<\/p>\n<p dir=\"ltr\">www.lodelmomentoloja.com<br \/>\n#LDMnoticias #lodelmomentolojaLDM<\/p>\n","protected":false},"excerpt":{"rendered":"<p>#Nacional | Fijan fecha para una mesa de di\u00e1logo. El pr\u00f3ximo lunes 4 de octubre&#8230;<\/p>\n","protected":false},"author":1,"featured_media":5488,"comment_status":"open","ping_status":"open","sticky":false,"template":"","format":"standard","meta":{"footnotes":""},"categories":[7],"tags":[],"class_list":["post-5487","post","type-post","status-publish","format-standard","has-post-thumbnail","hentry","category-ecuador"],"_links":{"self":[{"href":"https:\/\/www.lodelmomentoloja.com\/index.php?rest_route=\/wp\/v2\/posts\/5487"}],"collection":[{"href":"https:\/\/www.lodelmomentoloja.com\/index.php?rest_route=\/wp\/v2\/posts"}],"about":[{"href":"https:\/\/www.lodelmomentoloja.com\/index.php?rest_route=\/wp\/v2\/types\/post"}],"author":[{"embeddable":true,"href":"https:\/\/www.lodelmomentoloja.com\/index.php?rest_route=\/wp\/v2\/users\/1"}],"replies":[{"embeddable":true,"href":"https:\/\/www.lodelmomentoloja.com\/index.php?rest_route=%2Fwp%2Fv2%2Fcomments&post=5487"}],"version-history":[{"count":1,"href":"https:\/\/www.lodelmomentoloja.com\/index.php?rest_route=\/wp\/v2\/posts\/5487\/revisions"}],"predecessor-version":[{"id":5489,"href":"https:\/\/www.lodelmomentoloja.com\/index.php?rest_route=\/wp\/v2\/posts\/5487\/revisions\/5489"}],"wp:featuredmedia":[{"embeddable":true,"href":"https:\/\/www.lodelmomentoloja.com\/index.php?rest_route=\/wp\/v2\/media\/5488"}],"wp:attachment":[{"href":"https:\/\/www.lodelmomentoloja.com\/index.php?rest_route=%2Fwp%2Fv2%2Fmedia&parent=5487"}],"wp:term":[{"taxonomy":"category","embeddable":true,"href":"https:\/\/www.lodelmomentoloja.com\/index.php?rest_route=%2Fwp%2Fv2%2Fcategories&post=5487"},{"taxonomy":"post_tag","embeddable":true,"href":"https:\/\/www.lodelmomentoloja.com\/index.php?rest_route=%2Fwp%2Fv2%2Ftags&post=5487"}],"curies":[{"name":"wp","href":"https:\/\/api.w.org\/{rel}","templated":true}]}}