{"id":5480,"date":"2021-09-21T11:19:42","date_gmt":"2021-09-21T11:19:42","guid":{"rendered":"https:\/\/www.lodelmomentoloja.com\/?p=5480"},"modified":"2021-09-21T16:30:59","modified_gmt":"2021-09-21T16:30:59","slug":"schettini-gana-accion-de-proteccion-contra-la-posta","status":"publish","type":"post","link":"https:\/\/www.lodelmomentoloja.com\/?p=5480","title":{"rendered":"Schettini gana acci\u00f3n de protecci\u00f3n contra La Posta."},"content":{"rendered":"<p>#Ecuador | Prisila Schettini gana acci\u00f3n de protecci\u00f3n en contra de La Posta.<\/p>\n<p>La jueza Delicia de Los \u00c1ngeles Garc\u00e9s, fall\u00f3 en contra del medio digital La Posta, debido a la acci\u00f3n de protecci\u00f3n que interpuso Priscila Schettini, esposa del ex Defensor del Pueblo Freddy Carri\u00f3n. La jueza justific\u00f3 el fall\u00f3 aduciendo que la reportera Dominica Vivanco, no tuvo permiso para utilizar el expediente reservado de Schettini, vulnerando el derecho a su intimidad, a la honra, a la vida privada.<\/p>\n<p>Los derechos vulnerados se encuentran tipificados en el la constituci\u00f3n en el art\u00edculo 66 numeral 3 literal a) integridad ps\u00edquica; numeral 18, derecho constitucional al buen nombre y la honra; numeral 20, derecho constitucional a la intimidad personal y familiar.<\/p>\n<p>Por lo que la jueza Garc\u00e9s, dispuso de forma inmediata en menos de 24 horas se retire de todas las plataformas digitales el reportaje Carri\u00f3n, \u00bfel Defensor agresor? Adem\u00e1s, dispuso que en su p\u00e1gina web y todas las plataformas digitales que utiliza el medio para promocionar sus productos, pidan disculpas p\u00fablicas a Priscila Schettini y a sus hijos por haber violentad el derecho a la intimidad de ella y de su familia, por el laxo de 30 d\u00edas.<\/p>\n<p>Por su lado, Luis Eduardo Vivanco, representante y periodista del medio digital la Posta se pronuncio mediante su red social Twitter, asegurando que: \u201cSeg\u00fan la jueza, ten\u00edamos que tener el permiso de Carri\u00f3n y su esposa para publicar el caso.\u201d Y recalc\u00f3 que \u201cpara la pr\u00f3xima, habr\u00e1 que pedirle permiso a P\u00f3lit para publicar sus grabaciones con Odebrecht, por ejemplo. Viva la patria.\u201d<\/p>\n<p>&nbsp;<\/p>\n<p>www.lodelmomentoloja.com<\/p>\n<p>#LDMnoticias #lodelmomentolojaLDM<\/p>\n<p>www.lodelmomentoloja.com<br \/>\n#LDMnoticias #lodelmomentolojaLDM<\/p>\n","protected":false},"excerpt":{"rendered":"<p>#Ecuador | Prisila Schettini gana acci\u00f3n de protecci\u00f3n en contra de La Posta. La jueza&#8230;<\/p>\n","protected":false},"author":1,"featured_media":5481,"comment_status":"open","ping_status":"open","sticky":false,"template":"","format":"standard","meta":{"footnotes":""},"categories":[7],"tags":[],"class_list":["post-5480","post","type-post","status-publish","format-standard","has-post-thumbnail","hentry","category-ecuador"],"_links":{"self":[{"href":"https:\/\/www.lodelmomentoloja.com\/index.php?rest_route=\/wp\/v2\/posts\/5480"}],"collection":[{"href":"https:\/\/www.lodelmomentoloja.com\/index.php?rest_route=\/wp\/v2\/posts"}],"about":[{"href":"https:\/\/www.lodelmomentoloja.com\/index.php?rest_route=\/wp\/v2\/types\/post"}],"author":[{"embeddable":true,"href":"https:\/\/www.lodelmomentoloja.com\/index.php?rest_route=\/wp\/v2\/users\/1"}],"replies":[{"embeddable":true,"href":"https:\/\/www.lodelmomentoloja.com\/index.php?rest_route=%2Fwp%2Fv2%2Fcomments&post=5480"}],"version-history":[{"count":1,"href":"https:\/\/www.lodelmomentoloja.com\/index.php?rest_route=\/wp\/v2\/posts\/5480\/revisions"}],"predecessor-version":[{"id":5482,"href":"https:\/\/www.lodelmomentoloja.com\/index.php?rest_route=\/wp\/v2\/posts\/5480\/revisions\/5482"}],"wp:featuredmedia":[{"embeddable":true,"href":"https:\/\/www.lodelmomentoloja.com\/index.php?rest_route=\/wp\/v2\/media\/5481"}],"wp:attachment":[{"href":"https:\/\/www.lodelmomentoloja.com\/index.php?rest_route=%2Fwp%2Fv2%2Fmedia&parent=5480"}],"wp:term":[{"taxonomy":"category","embeddable":true,"href":"https:\/\/www.lodelmomentoloja.com\/index.php?rest_route=%2Fwp%2Fv2%2Fcategories&post=5480"},{"taxonomy":"post_tag","embeddable":true,"href":"https:\/\/www.lodelmomentoloja.com\/index.php?rest_route=%2Fwp%2Fv2%2Ftags&post=5480"}],"curies":[{"name":"wp","href":"https:\/\/api.w.org\/{rel}","templated":true}]}}