{"id":5457,"date":"2021-09-16T09:43:00","date_gmt":"2021-09-16T09:43:00","guid":{"rendered":"https:\/\/www.lodelmomentoloja.com\/?p=5457"},"modified":"2021-09-16T14:44:03","modified_gmt":"2021-09-16T14:44:03","slug":"tercera-dosis-de-vacunas","status":"publish","type":"post","link":"https:\/\/www.lodelmomentoloja.com\/?p=5457","title":{"rendered":"Tercera dosis de vacunas"},"content":{"rendered":"<p>#Ecuador | Tercera dosis de vacunas para personal de salud.<\/p>\n<p>La ministra de salud mencion\u00f3 que \u201cest\u00e1 programado\u201d suministrar una\u00a0tercera dosis\u00a0de la vacuna contra la COVID-19 al personal sanitario de\u00a0primera l\u00ednea\u00a0que recibi\u00f3 la primera dosis en enero.<\/p>\n<p>En la rueda de prensa semanal, la funcionaria ha se\u00f1alado que el Ministerio de Salud (MSP) estima\u00a0completar ese refuerzo hasta finales de a\u00f1o.<\/p>\n<p>Por otro lado, ha aclarado que en el caso de la poblaci\u00f3n en general, a\u00fan no es posible determinar la administraci\u00f3n de una tercera dosis pues ser\u00e1 necesario primero\u00a0una investigaci\u00f3n de seroprevalencia.<\/p>\n<p>\u201cSi las personas han desarrollado suficiente inmunidad\u201d no se necesitar\u00e1 una dosis adicional. Eso depender\u00e1 de los anticuerpos y adem\u00e1s habr\u00e1 que considerar\u00a0la inmunidad celular, ha explicado Garz\u00f3n.<\/p>\n<p>www.lodelmomentoloja.com<br \/>\n#LDMnoticias #lodelmomentolojaLDM<\/p>\n","protected":false},"excerpt":{"rendered":"<p>#Ecuador | Tercera dosis de vacunas para personal de salud. La ministra de salud mencion\u00f3&#8230;<\/p>\n","protected":false},"author":1,"featured_media":5459,"comment_status":"open","ping_status":"open","sticky":false,"template":"","format":"standard","meta":{"footnotes":""},"categories":[7],"tags":[],"class_list":["post-5457","post","type-post","status-publish","format-standard","has-post-thumbnail","hentry","category-ecuador"],"_links":{"self":[{"href":"https:\/\/www.lodelmomentoloja.com\/index.php?rest_route=\/wp\/v2\/posts\/5457"}],"collection":[{"href":"https:\/\/www.lodelmomentoloja.com\/index.php?rest_route=\/wp\/v2\/posts"}],"about":[{"href":"https:\/\/www.lodelmomentoloja.com\/index.php?rest_route=\/wp\/v2\/types\/post"}],"author":[{"embeddable":true,"href":"https:\/\/www.lodelmomentoloja.com\/index.php?rest_route=\/wp\/v2\/users\/1"}],"replies":[{"embeddable":true,"href":"https:\/\/www.lodelmomentoloja.com\/index.php?rest_route=%2Fwp%2Fv2%2Fcomments&post=5457"}],"version-history":[{"count":1,"href":"https:\/\/www.lodelmomentoloja.com\/index.php?rest_route=\/wp\/v2\/posts\/5457\/revisions"}],"predecessor-version":[{"id":5460,"href":"https:\/\/www.lodelmomentoloja.com\/index.php?rest_route=\/wp\/v2\/posts\/5457\/revisions\/5460"}],"wp:featuredmedia":[{"embeddable":true,"href":"https:\/\/www.lodelmomentoloja.com\/index.php?rest_route=\/wp\/v2\/media\/5459"}],"wp:attachment":[{"href":"https:\/\/www.lodelmomentoloja.com\/index.php?rest_route=%2Fwp%2Fv2%2Fmedia&parent=5457"}],"wp:term":[{"taxonomy":"category","embeddable":true,"href":"https:\/\/www.lodelmomentoloja.com\/index.php?rest_route=%2Fwp%2Fv2%2Fcategories&post=5457"},{"taxonomy":"post_tag","embeddable":true,"href":"https:\/\/www.lodelmomentoloja.com\/index.php?rest_route=%2Fwp%2Fv2%2Ftags&post=5457"}],"curies":[{"name":"wp","href":"https:\/\/api.w.org\/{rel}","templated":true}]}}