{"id":5447,"date":"2021-09-15T09:18:00","date_gmt":"2021-09-15T09:18:00","guid":{"rendered":"https:\/\/www.lodelmomentoloja.com\/?p=5447"},"modified":"2021-09-15T14:19:12","modified_gmt":"2021-09-15T14:19:12","slug":"vacunas-para-ninos-de-6-a-11-anos-en-ecuador","status":"publish","type":"post","link":"https:\/\/www.lodelmomentoloja.com\/?p=5447","title":{"rendered":"Vacunas para ni\u00f1os de 6 a 11 a\u00f1os en Ecuador"},"content":{"rendered":"<p dir=\"ltr\">#Ecuador | En\u00a0<b>Ecuador\u00a0<\/b>se analiza la vacunaci\u00f3n contra el<b>\u00a0covid-19\u00a0<\/b>de los ni\u00f1os de entre 6 y 11 a\u00f1os.<\/p>\n<p dir=\"ltr\">La fecha prevista para su\u00a0<b>inoculaci\u00f3n\u00a0<\/b>ser\u00e1 a mediados o finales de\u00a0<b>octubre<\/b>\u00a0y se extender\u00e1 hasta noviembre del 2021.Lo anunci\u00f3 la ministra de Salud P\u00fablica,\u00a0<b>Ximena Garz\u00f3n<\/b>, este martes 14 de septiembre del 2021, en un\u00a0<b>conversatorio<\/b>\u00a0con medios de comunicaci\u00f3n.<\/p>\n<p dir=\"ltr\">\u201cEstamos analizando la probabilidad de vacunar a poblaci\u00f3n de entre\u00a0<b>6 y 11 a\u00f1os<\/b>. Estamos recopilando informaci\u00f3n a nivel internacional de las experiencias que ha habido. En\u00a0<b>Chile<\/b>\u00a0ya se est\u00e1 vacunando y con toda esa informaci\u00f3n -con\u00a0<b>evidencia cient\u00edfica<\/b>\u2013 se tomar\u00e1n decisiones para empezar a cubrirlos y protegerlos\u201d.<\/p>\n<p dir=\"ltr\">Garz\u00f3n no especific\u00f3 si se colocar\u00e1 a este grupo etario la f\u00f3rmula de la proveedora china<b>\u00a0Sinovac<\/b>.<\/p>\n<p dir=\"ltr\">V\u00eda: El Comercio<\/p>\n<p dir=\"ltr\">www.lodelmomentoloja.com<br \/>\n#LDMnoticias #lodelmomentolojaLDM<\/p>\n","protected":false},"excerpt":{"rendered":"<p>#Ecuador | En\u00a0Ecuador\u00a0se analiza la vacunaci\u00f3n contra el\u00a0covid-19\u00a0de los ni\u00f1os de entre 6 y 11&#8230;<\/p>\n","protected":false},"author":1,"featured_media":5448,"comment_status":"open","ping_status":"open","sticky":false,"template":"","format":"standard","meta":{"footnotes":""},"categories":[7],"tags":[],"class_list":["post-5447","post","type-post","status-publish","format-standard","has-post-thumbnail","hentry","category-ecuador"],"_links":{"self":[{"href":"https:\/\/www.lodelmomentoloja.com\/index.php?rest_route=\/wp\/v2\/posts\/5447"}],"collection":[{"href":"https:\/\/www.lodelmomentoloja.com\/index.php?rest_route=\/wp\/v2\/posts"}],"about":[{"href":"https:\/\/www.lodelmomentoloja.com\/index.php?rest_route=\/wp\/v2\/types\/post"}],"author":[{"embeddable":true,"href":"https:\/\/www.lodelmomentoloja.com\/index.php?rest_route=\/wp\/v2\/users\/1"}],"replies":[{"embeddable":true,"href":"https:\/\/www.lodelmomentoloja.com\/index.php?rest_route=%2Fwp%2Fv2%2Fcomments&post=5447"}],"version-history":[{"count":1,"href":"https:\/\/www.lodelmomentoloja.com\/index.php?rest_route=\/wp\/v2\/posts\/5447\/revisions"}],"predecessor-version":[{"id":5449,"href":"https:\/\/www.lodelmomentoloja.com\/index.php?rest_route=\/wp\/v2\/posts\/5447\/revisions\/5449"}],"wp:featuredmedia":[{"embeddable":true,"href":"https:\/\/www.lodelmomentoloja.com\/index.php?rest_route=\/wp\/v2\/media\/5448"}],"wp:attachment":[{"href":"https:\/\/www.lodelmomentoloja.com\/index.php?rest_route=%2Fwp%2Fv2%2Fmedia&parent=5447"}],"wp:term":[{"taxonomy":"category","embeddable":true,"href":"https:\/\/www.lodelmomentoloja.com\/index.php?rest_route=%2Fwp%2Fv2%2Fcategories&post=5447"},{"taxonomy":"post_tag","embeddable":true,"href":"https:\/\/www.lodelmomentoloja.com\/index.php?rest_route=%2Fwp%2Fv2%2Ftags&post=5447"}],"curies":[{"name":"wp","href":"https:\/\/api.w.org\/{rel}","templated":true}]}}