{"id":5442,"date":"2021-09-14T13:01:51","date_gmt":"2021-09-14T13:01:51","guid":{"rendered":"https:\/\/www.lodelmomentoloja.com\/?p=5442"},"modified":"2021-09-14T18:03:52","modified_gmt":"2021-09-14T18:03:52","slug":"ciclista-ecuatoriana-se-consagra-campeona-en-colombia","status":"publish","type":"post","link":"https:\/\/www.lodelmomentoloja.com\/?p=5442","title":{"rendered":"Ciclista ecuatoriana se consagra campeona en Colombia"},"content":{"rendered":"<p>#Internacional | Miryam N\u00fa\u00f1ez, ciclista del Movistar Team Ecuador, se consagr\u00f3 como campeona de los premios de monta\u00f1a de la vig\u00e9sima s\u00e9ptima edici\u00f3n de la Cl\u00e1sica \u201cEl Carmen del Viboral\u201d, que se desarroll\u00f3 en Colombia.<\/p>\n<p>La riobambe\u00f1a, de 27 a\u00f1os de edad, culmin\u00f3 en la cuarta posici\u00f3n de la clasificaci\u00f3n general de la prueba a +7:13 del primer lugar.<\/p>\n<p>N\u00fa\u00f1ez ya particip\u00f3 en los Panamericanos de pista y Ruta, donde consigui\u00f3 dos medallas de bronce. Adem\u00e1s, la pedalista tricolor se qued\u00f3 con el t\u00edtulo de la Vuelta al Gran Santander (Colombia) 2021, y tuvo su primera experiencia en Europa en el Giro de la Toscana, donde finaliz\u00f3 en el puesto 36.<\/p>\n<p>www.lodelmomentoloja.com<br \/>\n#LDMnoticias #lodelmomentolojaLDM<\/p>\n","protected":false},"excerpt":{"rendered":"<p>#Internacional | Miryam N\u00fa\u00f1ez, ciclista del Movistar Team Ecuador, se consagr\u00f3 como campeona de los&#8230;<\/p>\n","protected":false},"author":1,"featured_media":5443,"comment_status":"open","ping_status":"open","sticky":false,"template":"","format":"standard","meta":{"footnotes":""},"categories":[4],"tags":[],"class_list":["post-5442","post","type-post","status-publish","format-standard","has-post-thumbnail","hentry","category-internacional"],"_links":{"self":[{"href":"https:\/\/www.lodelmomentoloja.com\/index.php?rest_route=\/wp\/v2\/posts\/5442"}],"collection":[{"href":"https:\/\/www.lodelmomentoloja.com\/index.php?rest_route=\/wp\/v2\/posts"}],"about":[{"href":"https:\/\/www.lodelmomentoloja.com\/index.php?rest_route=\/wp\/v2\/types\/post"}],"author":[{"embeddable":true,"href":"https:\/\/www.lodelmomentoloja.com\/index.php?rest_route=\/wp\/v2\/users\/1"}],"replies":[{"embeddable":true,"href":"https:\/\/www.lodelmomentoloja.com\/index.php?rest_route=%2Fwp%2Fv2%2Fcomments&post=5442"}],"version-history":[{"count":1,"href":"https:\/\/www.lodelmomentoloja.com\/index.php?rest_route=\/wp\/v2\/posts\/5442\/revisions"}],"predecessor-version":[{"id":5444,"href":"https:\/\/www.lodelmomentoloja.com\/index.php?rest_route=\/wp\/v2\/posts\/5442\/revisions\/5444"}],"wp:featuredmedia":[{"embeddable":true,"href":"https:\/\/www.lodelmomentoloja.com\/index.php?rest_route=\/wp\/v2\/media\/5443"}],"wp:attachment":[{"href":"https:\/\/www.lodelmomentoloja.com\/index.php?rest_route=%2Fwp%2Fv2%2Fmedia&parent=5442"}],"wp:term":[{"taxonomy":"category","embeddable":true,"href":"https:\/\/www.lodelmomentoloja.com\/index.php?rest_route=%2Fwp%2Fv2%2Fcategories&post=5442"},{"taxonomy":"post_tag","embeddable":true,"href":"https:\/\/www.lodelmomentoloja.com\/index.php?rest_route=%2Fwp%2Fv2%2Ftags&post=5442"}],"curies":[{"name":"wp","href":"https:\/\/api.w.org\/{rel}","templated":true}]}}