{"id":5436,"date":"2021-09-14T09:35:30","date_gmt":"2021-09-14T09:35:30","guid":{"rendered":"https:\/\/www.lodelmomentoloja.com\/?p=5436"},"modified":"2021-09-14T14:37:34","modified_gmt":"2021-09-14T14:37:34","slug":"portugal-le-dice-adios-a-las-mascarillas-obligatorias","status":"publish","type":"post","link":"https:\/\/www.lodelmomentoloja.com\/?p=5436","title":{"rendered":"Portugal le dice adi\u00f3s a las mascarillas obligatorias"},"content":{"rendered":"<p>#Internacional | Portugal elimina el uso obligatorio de la mascarilla en la calle.<\/p>\n<p>Las autoridades portuguesas han anunciado este lunes el levantamiento del uso obligatorio de la mascarilla en las calles del pa\u00eds, si bien la poblaci\u00f3n tendr\u00e1 que seguir llev\u00e1ndola en el transporte p\u00fablico, las aulas, tiendas y lugares de entretenimiento, como cines.<\/p>\n<p>Las nuevas directrices del Ministerio de Sanidad recomiendan su uso &#8220;cuando sea previsible la aparici\u00f3n de aglomeraciones o siempre que no sea posible mantener la distancia f\u00edsicamente&#8221;.<\/p>\n<p>A pesar de que su utilizaci\u00f3n en la calle no es necesaria, el Gobierno ha recordado que la mascarilla es una herramienta eficaz para prevenir la transmisi\u00f3n de la COVID-19, especialmente en espacios cerrados.<\/p>\n<p>www.lodelmomentoloja.com<br \/>\n#LDMnoticias #lodelmomentolojaLDM<\/p>\n","protected":false},"excerpt":{"rendered":"<p>#Internacional | Portugal elimina el uso obligatorio de la mascarilla en la calle. Las autoridades&#8230;<\/p>\n","protected":false},"author":1,"featured_media":5437,"comment_status":"open","ping_status":"open","sticky":false,"template":"","format":"standard","meta":{"footnotes":""},"categories":[4],"tags":[],"class_list":["post-5436","post","type-post","status-publish","format-standard","has-post-thumbnail","hentry","category-internacional"],"_links":{"self":[{"href":"https:\/\/www.lodelmomentoloja.com\/index.php?rest_route=\/wp\/v2\/posts\/5436"}],"collection":[{"href":"https:\/\/www.lodelmomentoloja.com\/index.php?rest_route=\/wp\/v2\/posts"}],"about":[{"href":"https:\/\/www.lodelmomentoloja.com\/index.php?rest_route=\/wp\/v2\/types\/post"}],"author":[{"embeddable":true,"href":"https:\/\/www.lodelmomentoloja.com\/index.php?rest_route=\/wp\/v2\/users\/1"}],"replies":[{"embeddable":true,"href":"https:\/\/www.lodelmomentoloja.com\/index.php?rest_route=%2Fwp%2Fv2%2Fcomments&post=5436"}],"version-history":[{"count":1,"href":"https:\/\/www.lodelmomentoloja.com\/index.php?rest_route=\/wp\/v2\/posts\/5436\/revisions"}],"predecessor-version":[{"id":5438,"href":"https:\/\/www.lodelmomentoloja.com\/index.php?rest_route=\/wp\/v2\/posts\/5436\/revisions\/5438"}],"wp:featuredmedia":[{"embeddable":true,"href":"https:\/\/www.lodelmomentoloja.com\/index.php?rest_route=\/wp\/v2\/media\/5437"}],"wp:attachment":[{"href":"https:\/\/www.lodelmomentoloja.com\/index.php?rest_route=%2Fwp%2Fv2%2Fmedia&parent=5436"}],"wp:term":[{"taxonomy":"category","embeddable":true,"href":"https:\/\/www.lodelmomentoloja.com\/index.php?rest_route=%2Fwp%2Fv2%2Fcategories&post=5436"},{"taxonomy":"post_tag","embeddable":true,"href":"https:\/\/www.lodelmomentoloja.com\/index.php?rest_route=%2Fwp%2Fv2%2Ftags&post=5436"}],"curies":[{"name":"wp","href":"https:\/\/api.w.org\/{rel}","templated":true}]}}