{"id":5430,"date":"2021-09-13T12:50:19","date_gmt":"2021-09-13T12:50:19","guid":{"rendered":"https:\/\/www.lodelmomentoloja.com\/?p=5430"},"modified":"2021-09-13T18:29:30","modified_gmt":"2021-09-13T18:29:30","slug":"esposa-del-defensor-del-pueblo-demanda-a-la-posta","status":"publish","type":"post","link":"https:\/\/www.lodelmomentoloja.com\/?p=5430","title":{"rendered":"Esposa del Defensor del Pueblo demanda a La Posta"},"content":{"rendered":"<p>Demandan a red digital &#8220;LA POSTA&#8221; por atentar contra el buen nombre e intimidad familiar.<\/p>\n<p>&nbsp;<\/p>\n<p>Prisila Schettini, ha denunciado p\u00fablicamente las presuntas irregularidades en el proceso penal y pol\u00edtico que se le sigue al Defensor del Pueblo Freddy Carri\u00f3n. Schettini, es esposa del funcionario p\u00fablico y ha estado apoyando al mismo en todos los procesos que se le siguen en su contra.<\/p>\n<p>El 10 de septiembre de 2021, el medio digital La Posta public\u00f3 en sus redes sociales el reportaje bajo el titular: Carri\u00f3n \u00bfEl defensor agresor? En el reportaje se hace p\u00fablico una demanda interpuesta por Priscila Schettini, en contra de su esposa en el a\u00f1o 2017. Demanda que fue subsanada por la misma esposa por lo que el Defensor del Pueblo fue declarado inocente. Schettini, asegurado que el medio digital hizo p\u00fablico su vida privada que nada tiene que ver con los procesos que le siguen a su esposo con el fin de \u201cmanipular datos privados para seguir posicionando que Freddy Carri\u00f3n, ser\u00eda un agresor.\u201d<\/p>\n<p>Es por ello, que hoy Prisila Schettini, ha interpuesto una demanda de acci\u00f3n de protecci\u00f3n por la vulneraci\u00f3n de sus derechos constitucionales al buen nombre y la honra y el derecho constitucional a la intimidad personal y familiar. \u201cCon la exposici\u00f3n p\u00fablica que realizan los datos y vida privada e \u00edntima de la compareciente y mi familia, vulneran mi integridad psicol\u00f3gica. Este medio (La Posta) no ha tenido reparo en tratar de crear morbo a trav\u00e9s de situaciones familiares\u201d destaca la demanda presentada en contra de La Posta y su periodista Dom\u00e9nica Vivanco.<\/p>\n<p>&nbsp;<\/p>\n<p><strong>Schettini, solicita reparaci\u00f3n integral:<\/strong><br \/>\n&#8211; Que se retire el reportaje publicado en las plataforma del medio digital La Posta<br \/>\n&#8211; Que en su p\u00e1gina web y sus plataformas digitales, publiquen disculpas p\u00fablicas.<br \/>\n&#8211; Que se disponga capacitaciones a los representantes legales del medio y a la periodista Dom\u00e9nica Vivanco, en base a derechos de las mujeres y perspectiva de g\u00e9nero en la comunicaci\u00f3n.<br \/>\n&#8211; Que La Posta incluya en su programaci\u00f3n digital una hora semanal sobe los derechos de las mujeres.<br \/>\n&#8211; Que se proh\u00edba a la Posta a publicar la vida privada e \u00edntimos de la familia Carri\u00f3n Schettini.<\/p>\n<p>&nbsp;<\/p>\n<p>#LDMnoticias #lodelmomentolojaLDM<\/p>\n","protected":false},"excerpt":{"rendered":"<p>Demandan a red digital &#8220;LA POSTA&#8221; por atentar contra el buen nombre e intimidad familiar&#8230;.<\/p>\n","protected":false},"author":1,"featured_media":5431,"comment_status":"open","ping_status":"open","sticky":false,"template":"","format":"standard","meta":{"footnotes":""},"categories":[7,1,5],"tags":[],"class_list":["post-5430","post","type-post","status-publish","format-standard","has-post-thumbnail","hentry","category-ecuador","category-inicio","category-loja"],"_links":{"self":[{"href":"https:\/\/www.lodelmomentoloja.com\/index.php?rest_route=\/wp\/v2\/posts\/5430"}],"collection":[{"href":"https:\/\/www.lodelmomentoloja.com\/index.php?rest_route=\/wp\/v2\/posts"}],"about":[{"href":"https:\/\/www.lodelmomentoloja.com\/index.php?rest_route=\/wp\/v2\/types\/post"}],"author":[{"embeddable":true,"href":"https:\/\/www.lodelmomentoloja.com\/index.php?rest_route=\/wp\/v2\/users\/1"}],"replies":[{"embeddable":true,"href":"https:\/\/www.lodelmomentoloja.com\/index.php?rest_route=%2Fwp%2Fv2%2Fcomments&post=5430"}],"version-history":[{"count":1,"href":"https:\/\/www.lodelmomentoloja.com\/index.php?rest_route=\/wp\/v2\/posts\/5430\/revisions"}],"predecessor-version":[{"id":5432,"href":"https:\/\/www.lodelmomentoloja.com\/index.php?rest_route=\/wp\/v2\/posts\/5430\/revisions\/5432"}],"wp:featuredmedia":[{"embeddable":true,"href":"https:\/\/www.lodelmomentoloja.com\/index.php?rest_route=\/wp\/v2\/media\/5431"}],"wp:attachment":[{"href":"https:\/\/www.lodelmomentoloja.com\/index.php?rest_route=%2Fwp%2Fv2%2Fmedia&parent=5430"}],"wp:term":[{"taxonomy":"category","embeddable":true,"href":"https:\/\/www.lodelmomentoloja.com\/index.php?rest_route=%2Fwp%2Fv2%2Fcategories&post=5430"},{"taxonomy":"post_tag","embeddable":true,"href":"https:\/\/www.lodelmomentoloja.com\/index.php?rest_route=%2Fwp%2Fv2%2Ftags&post=5430"}],"curies":[{"name":"wp","href":"https:\/\/api.w.org\/{rel}","templated":true}]}}