{"id":5424,"date":"2021-09-13T11:13:33","date_gmt":"2021-09-13T11:13:33","guid":{"rendered":"https:\/\/www.lodelmomentoloja.com\/?p=5424"},"modified":"2021-09-13T16:14:42","modified_gmt":"2021-09-13T16:14:42","slug":"inicia-vacunacion-contra-covid-19-en-menores-de-12-a-15-anos","status":"publish","type":"post","link":"https:\/\/www.lodelmomentoloja.com\/?p=5424","title":{"rendered":"Inicia vacunaci\u00f3n contra COVID-19 en menores de 12 a 15 a\u00f1os"},"content":{"rendered":"<p>#Ecuador | Este lunes, 13 de septiembre, se inici\u00f3 el proceso de vacunaci\u00f3n contra el COVID-19 a la poblaci\u00f3n de entre 12 y 15 a\u00f1os en las diferentes localidades del pa\u00eds.<\/p>\n<p>La ministra de Educaci\u00f3n, Mar\u00eda Brown, se\u00f1al\u00f3 que la inmunizaci\u00f3n comenz\u00f3 en los planteles que ya ten\u00edan autorizaci\u00f3n para el retorno voluntario y progresivo a las aulas de clase. Inform\u00f3 que solo en Quito hay 1\u2032300.000 personas del grupo etario descrito.<\/p>\n<p>\u201cIremos convocando de manera personal a los estudiantes y les pedimos que no se aglutinen. No asistan a puntos de vacunaci\u00f3n sin haber sido convocados, porque esto nos va a causar un desorden. Vamos a hacerlo de manera muy eficiente, muy r\u00e1pida y quien convocar\u00e1 es el Ministerio de Educaci\u00f3n conjuntamente con el Ministerio de Salud P\u00fablica, a trav\u00e9s de los docentes, directivos de cada una de las instituciones educativas\u201d, mencion\u00f3 la funcionaria.<\/p>\n<p>www.lodelmomentoloja.com<br \/>\n#LDMnoticias #lodelmomentolojaLDM<\/p>\n","protected":false},"excerpt":{"rendered":"<p>#Ecuador | Este lunes, 13 de septiembre, se inici\u00f3 el proceso de vacunaci\u00f3n contra el&#8230;<\/p>\n","protected":false},"author":1,"featured_media":5425,"comment_status":"open","ping_status":"open","sticky":false,"template":"","format":"standard","meta":{"footnotes":""},"categories":[7],"tags":[],"class_list":["post-5424","post","type-post","status-publish","format-standard","has-post-thumbnail","hentry","category-ecuador"],"_links":{"self":[{"href":"https:\/\/www.lodelmomentoloja.com\/index.php?rest_route=\/wp\/v2\/posts\/5424"}],"collection":[{"href":"https:\/\/www.lodelmomentoloja.com\/index.php?rest_route=\/wp\/v2\/posts"}],"about":[{"href":"https:\/\/www.lodelmomentoloja.com\/index.php?rest_route=\/wp\/v2\/types\/post"}],"author":[{"embeddable":true,"href":"https:\/\/www.lodelmomentoloja.com\/index.php?rest_route=\/wp\/v2\/users\/1"}],"replies":[{"embeddable":true,"href":"https:\/\/www.lodelmomentoloja.com\/index.php?rest_route=%2Fwp%2Fv2%2Fcomments&post=5424"}],"version-history":[{"count":1,"href":"https:\/\/www.lodelmomentoloja.com\/index.php?rest_route=\/wp\/v2\/posts\/5424\/revisions"}],"predecessor-version":[{"id":5426,"href":"https:\/\/www.lodelmomentoloja.com\/index.php?rest_route=\/wp\/v2\/posts\/5424\/revisions\/5426"}],"wp:featuredmedia":[{"embeddable":true,"href":"https:\/\/www.lodelmomentoloja.com\/index.php?rest_route=\/wp\/v2\/media\/5425"}],"wp:attachment":[{"href":"https:\/\/www.lodelmomentoloja.com\/index.php?rest_route=%2Fwp%2Fv2%2Fmedia&parent=5424"}],"wp:term":[{"taxonomy":"category","embeddable":true,"href":"https:\/\/www.lodelmomentoloja.com\/index.php?rest_route=%2Fwp%2Fv2%2Fcategories&post=5424"},{"taxonomy":"post_tag","embeddable":true,"href":"https:\/\/www.lodelmomentoloja.com\/index.php?rest_route=%2Fwp%2Fv2%2Ftags&post=5424"}],"curies":[{"name":"wp","href":"https:\/\/api.w.org\/{rel}","templated":true}]}}