{"id":5411,"date":"2021-09-10T16:00:30","date_gmt":"2021-09-10T16:00:30","guid":{"rendered":"https:\/\/www.lodelmomentoloja.com\/?p=5411"},"modified":"2021-09-10T21:01:27","modified_gmt":"2021-09-10T21:01:27","slug":"google-doodle-rinde-tributo-a-activista-ecuatoriana","status":"publish","type":"post","link":"https:\/\/www.lodelmomentoloja.com\/?p=5411","title":{"rendered":"Google Doodle rinde tributo a activista ecuatoriana."},"content":{"rendered":"<p>#Internacional | El Doodle de hoy rinde homenaje a la activista quechua ecuatoriana Tr\u00e1nsito Amagua\u00f1a en su 112 cumplea\u00f1os.<\/p>\n<p>Rosa Elena Tr\u00e1nsito Amagua\u00f1a Alba o \u201cMama Tr\u00e1nsito\u201d naci\u00f3 este d\u00eda en 1909 en San Miguel de Pesillo, Ecuador. En 1930, Amagua\u00f1a camin\u00f3 descalza durante varios d\u00edas hasta Quito con sus hijos peque\u00f1os a cuestas m\u00e1s de 25 veces para unirse a los manifestantes y exigir un salario y un d\u00eda de descanso cada semana para los trabajadores de la hacienda como su familia y vecinos.<\/p>\n<p>Este evento marc\u00f3 el inicio del activismo incansable de toda la vida de Amagua\u00f1a. Junto a otros l\u00edderes ind\u00edgenas, cofundaron la Federaci\u00f3n Ecuatoriana de Indios (Federaci\u00f3n Ind\u00edgena Ecuatoriana) en 1944, que abog\u00f3 por la terminaci\u00f3n de la propiedad de la hacienda y la devoluci\u00f3n de la tierra a los trabajadores locales.<\/p>\n<p>Despu\u00e9s de a\u00f1os de lucha, finalmente se aprobaron leyes laborales para proteger a los trabajadores agr\u00edcolas. No queriendo que los ni\u00f1os ind\u00edgenas enfrentaran las mismas restricciones educativas que ella experiment\u00f3, Amagua\u00f1a ayud\u00f3 a fundar cuatro escuelas con clases en espa\u00f1ol y quechua. Una escuela en Guayaquil, Ecuador que lleva su nombre conserva su legado multifac\u00e9tico.<\/p>\n<p>www.lodelmomentoloja.com<br \/>\n#LDMnoticias #lodelmomentolojaLDM<\/p>\n","protected":false},"excerpt":{"rendered":"<p>#Internacional | El Doodle de hoy rinde homenaje a la activista quechua ecuatoriana Tr\u00e1nsito Amagua\u00f1a&#8230;<\/p>\n","protected":false},"author":1,"featured_media":5412,"comment_status":"open","ping_status":"open","sticky":false,"template":"","format":"standard","meta":{"footnotes":""},"categories":[4],"tags":[],"class_list":["post-5411","post","type-post","status-publish","format-standard","has-post-thumbnail","hentry","category-internacional"],"_links":{"self":[{"href":"https:\/\/www.lodelmomentoloja.com\/index.php?rest_route=\/wp\/v2\/posts\/5411"}],"collection":[{"href":"https:\/\/www.lodelmomentoloja.com\/index.php?rest_route=\/wp\/v2\/posts"}],"about":[{"href":"https:\/\/www.lodelmomentoloja.com\/index.php?rest_route=\/wp\/v2\/types\/post"}],"author":[{"embeddable":true,"href":"https:\/\/www.lodelmomentoloja.com\/index.php?rest_route=\/wp\/v2\/users\/1"}],"replies":[{"embeddable":true,"href":"https:\/\/www.lodelmomentoloja.com\/index.php?rest_route=%2Fwp%2Fv2%2Fcomments&post=5411"}],"version-history":[{"count":1,"href":"https:\/\/www.lodelmomentoloja.com\/index.php?rest_route=\/wp\/v2\/posts\/5411\/revisions"}],"predecessor-version":[{"id":5413,"href":"https:\/\/www.lodelmomentoloja.com\/index.php?rest_route=\/wp\/v2\/posts\/5411\/revisions\/5413"}],"wp:featuredmedia":[{"embeddable":true,"href":"https:\/\/www.lodelmomentoloja.com\/index.php?rest_route=\/wp\/v2\/media\/5412"}],"wp:attachment":[{"href":"https:\/\/www.lodelmomentoloja.com\/index.php?rest_route=%2Fwp%2Fv2%2Fmedia&parent=5411"}],"wp:term":[{"taxonomy":"category","embeddable":true,"href":"https:\/\/www.lodelmomentoloja.com\/index.php?rest_route=%2Fwp%2Fv2%2Fcategories&post=5411"},{"taxonomy":"post_tag","embeddable":true,"href":"https:\/\/www.lodelmomentoloja.com\/index.php?rest_route=%2Fwp%2Fv2%2Ftags&post=5411"}],"curies":[{"name":"wp","href":"https:\/\/api.w.org\/{rel}","templated":true}]}}