{"id":5398,"date":"2021-09-10T09:10:28","date_gmt":"2021-09-10T09:10:28","guid":{"rendered":"https:\/\/www.lodelmomentoloja.com\/?p=5398"},"modified":"2021-09-10T14:20:58","modified_gmt":"2021-09-10T14:20:58","slug":"5398","status":"publish","type":"post","link":"https:\/\/www.lodelmomentoloja.com\/?p=5398","title":{"rendered":"Vacunas para adolescentes en Ecuador"},"content":{"rendered":"<p>#Ecuador | Vacunaci\u00f3n para adolescentes de 12 a 15 a\u00f1os se har\u00e1 en los colegios.<\/p>\n<p>El Ministerio deSalud resolvi\u00f3 que este grupo poblacional recibir\u00e1 una dosis de la vacuna Pfizer. La aplicaci\u00f3n de la segunda dosis necesita aprobaci\u00f3n de los padres. Desde el 13 de septiembre de 2021, el Ministerio de Salud administrar\u00e1 las vacunas contra el Covid-19 a los adolescentes de entre 15 a 12 a\u00f1os.<\/p>\n<p>En un comunicado emitido el 8 de septiembre de 2021, la instituci\u00f3n inform\u00f3 que la aplicaci\u00f3n de las primeras dosis se realizar\u00e1 \u201cen cada instituci\u00f3n educativa con una brigada m\u00f3vil del centro de salud, entre el 13 de septiembre y el 30 de octubre de 2021\u201d.<\/p>\n<p>Agreg\u00f3 que las Direcciones Distritales y establecimientos del Ministerio de Educaci\u00f3n levantar\u00e1n los listados de alumnos de las instituciones educativas p\u00fablicas y privadas que estudian en las modalidades presencial y virtual para coordinar con los equipos de los centros de salud.<\/p>\n<p>www.lodelmomentoloja.com<br \/>\n#LDMnoticias #lodelmomentolojaLDM<\/p>\n","protected":false},"excerpt":{"rendered":"<p>#Ecuador | Vacunaci\u00f3n para adolescentes de 12 a 15 a\u00f1os se har\u00e1 en los colegios&#8230;.<\/p>\n","protected":false},"author":1,"featured_media":5399,"comment_status":"open","ping_status":"open","sticky":false,"template":"","format":"standard","meta":{"footnotes":""},"categories":[7],"tags":[],"class_list":["post-5398","post","type-post","status-publish","format-standard","has-post-thumbnail","hentry","category-ecuador"],"_links":{"self":[{"href":"https:\/\/www.lodelmomentoloja.com\/index.php?rest_route=\/wp\/v2\/posts\/5398"}],"collection":[{"href":"https:\/\/www.lodelmomentoloja.com\/index.php?rest_route=\/wp\/v2\/posts"}],"about":[{"href":"https:\/\/www.lodelmomentoloja.com\/index.php?rest_route=\/wp\/v2\/types\/post"}],"author":[{"embeddable":true,"href":"https:\/\/www.lodelmomentoloja.com\/index.php?rest_route=\/wp\/v2\/users\/1"}],"replies":[{"embeddable":true,"href":"https:\/\/www.lodelmomentoloja.com\/index.php?rest_route=%2Fwp%2Fv2%2Fcomments&post=5398"}],"version-history":[{"count":2,"href":"https:\/\/www.lodelmomentoloja.com\/index.php?rest_route=\/wp\/v2\/posts\/5398\/revisions"}],"predecessor-version":[{"id":5401,"href":"https:\/\/www.lodelmomentoloja.com\/index.php?rest_route=\/wp\/v2\/posts\/5398\/revisions\/5401"}],"wp:featuredmedia":[{"embeddable":true,"href":"https:\/\/www.lodelmomentoloja.com\/index.php?rest_route=\/wp\/v2\/media\/5399"}],"wp:attachment":[{"href":"https:\/\/www.lodelmomentoloja.com\/index.php?rest_route=%2Fwp%2Fv2%2Fmedia&parent=5398"}],"wp:term":[{"taxonomy":"category","embeddable":true,"href":"https:\/\/www.lodelmomentoloja.com\/index.php?rest_route=%2Fwp%2Fv2%2Fcategories&post=5398"},{"taxonomy":"post_tag","embeddable":true,"href":"https:\/\/www.lodelmomentoloja.com\/index.php?rest_route=%2Fwp%2Fv2%2Ftags&post=5398"}],"curies":[{"name":"wp","href":"https:\/\/api.w.org\/{rel}","templated":true}]}}