{"id":5357,"date":"2021-09-07T15:30:28","date_gmt":"2021-09-07T15:30:28","guid":{"rendered":"http:\/\/www.lodelmomentoloja.com\/?p=5357"},"modified":"2021-09-07T21:09:19","modified_gmt":"2021-09-07T21:09:19","slug":"denuncian-a-la-fiscal-diana-salazar","status":"publish","type":"post","link":"https:\/\/www.lodelmomentoloja.com\/?p=5357","title":{"rendered":"Denuncian a la Fiscal Diana Salazar"},"content":{"rendered":"<p>El estudio jur\u00eddico P&amp;G, presentaron denuncia formal por fraude procesal en contra de la Fiscal General del Estado Diana Salazar, Mayra Soria, Fiscal Delegada y Juan Ramos, Mayor de la Polic\u00eda Nacional.<\/p>\n<p>&nbsp;<\/p>\n<p><strong>Los hechos denunciados:<\/strong><\/p>\n<p>De acuerdo a los abogados Ang\u00e9lica Porras y Richard Gonz\u00e1les, del actual Defensor del Pueblo, Freddy Carri\u00f3n, acusado por Fiscal\u00eda por el presunto delito de abuso sexual, se habr\u00edan cometido presuntas irregularidades en el proceso que se le sigue al funcionario. La Corte Nacional de Justicia, acogi\u00f3 el pedido de Fiscal\u00eda para llamar a juicio a la autoridad del pueblo y ratificar la presi\u00f3n preventiva, pese a que su defensa ha presentado pruebas de descargo y presuntas irregularidades al debido proceso. Una de las pruebas claves, es la versi\u00f3n del guardia del seguridad del edificio, \u00e9l, asegura que la presunta v\u00edctima nunca acus\u00f3 al Defensor del Pueblo de haber abusado sexualmente de ella, sino que habr\u00edan sido terceras personas, las cuales hasta el momento no se ha investigado.<\/p>\n<p>Los hechos suscitados el 15 y 16 de mayo de 2021, en el departamento del ex ministro de Salud Mauro Falcon\u00ed, donde asisti\u00f3 el Defensor del Pueblo porque le iban a entregar informaci\u00f3n &#8220;de los vacunados vip&#8221; seg\u00fan ha declar\u00f3 p\u00fablicamente Freddy Carri\u00f3n, despu\u00e9s del esc\u00e1ndalo en el departamento, la Polic\u00eda Nacional emiti\u00f3 el parte policial, en el que menciona que el Defensor del Pueblo, Freddy Carri\u00f3n, incumpli\u00f3 el decreto ejecutivo, es decir, incumplimiento del toque de queda que regia en ese momento, debido a las medidas restrictivas que emiti\u00f3 el COE Nacional por la pandemia de COVID-19. Pero, estas medidas restrictivas no imped\u00edan la movilizaci\u00f3n de autoridades estatales como la Defensor\u00eda del Pueblo.<\/p>\n<p>#LDMnoticias #lodelmomentolojaLDM<\/p>\n","protected":false},"excerpt":{"rendered":"<p>El estudio jur\u00eddico P&amp;G, presentaron denuncia formal por fraude procesal en contra de la Fiscal&#8230;<\/p>\n","protected":false},"author":1,"featured_media":5358,"comment_status":"open","ping_status":"open","sticky":false,"template":"","format":"standard","meta":{"footnotes":""},"categories":[7,1],"tags":[],"class_list":["post-5357","post","type-post","status-publish","format-standard","has-post-thumbnail","hentry","category-ecuador","category-inicio"],"_links":{"self":[{"href":"https:\/\/www.lodelmomentoloja.com\/index.php?rest_route=\/wp\/v2\/posts\/5357"}],"collection":[{"href":"https:\/\/www.lodelmomentoloja.com\/index.php?rest_route=\/wp\/v2\/posts"}],"about":[{"href":"https:\/\/www.lodelmomentoloja.com\/index.php?rest_route=\/wp\/v2\/types\/post"}],"author":[{"embeddable":true,"href":"https:\/\/www.lodelmomentoloja.com\/index.php?rest_route=\/wp\/v2\/users\/1"}],"replies":[{"embeddable":true,"href":"https:\/\/www.lodelmomentoloja.com\/index.php?rest_route=%2Fwp%2Fv2%2Fcomments&post=5357"}],"version-history":[{"count":2,"href":"https:\/\/www.lodelmomentoloja.com\/index.php?rest_route=\/wp\/v2\/posts\/5357\/revisions"}],"predecessor-version":[{"id":5360,"href":"https:\/\/www.lodelmomentoloja.com\/index.php?rest_route=\/wp\/v2\/posts\/5357\/revisions\/5360"}],"wp:featuredmedia":[{"embeddable":true,"href":"https:\/\/www.lodelmomentoloja.com\/index.php?rest_route=\/wp\/v2\/media\/5358"}],"wp:attachment":[{"href":"https:\/\/www.lodelmomentoloja.com\/index.php?rest_route=%2Fwp%2Fv2%2Fmedia&parent=5357"}],"wp:term":[{"taxonomy":"category","embeddable":true,"href":"https:\/\/www.lodelmomentoloja.com\/index.php?rest_route=%2Fwp%2Fv2%2Fcategories&post=5357"},{"taxonomy":"post_tag","embeddable":true,"href":"https:\/\/www.lodelmomentoloja.com\/index.php?rest_route=%2Fwp%2Fv2%2Ftags&post=5357"}],"curies":[{"name":"wp","href":"https:\/\/api.w.org\/{rel}","templated":true}]}}