{"id":5354,"date":"2021-09-07T15:00:30","date_gmt":"2021-09-07T15:00:30","guid":{"rendered":"http:\/\/www.lodelmomentoloja.com\/?p=5354"},"modified":"2021-09-07T20:07:55","modified_gmt":"2021-09-07T20:07:55","slug":"consulta-popular-si-o-si","status":"publish","type":"post","link":"https:\/\/www.lodelmomentoloja.com\/?p=5354","title":{"rendered":"Consulta Popular &#8216;S\u00cd O SI&#8217;"},"content":{"rendered":"<p>#Nacional | El llamado a Consulta Popular ser\u00eda la v\u00eda del Ejecutivo para la gobernabilidad<\/p>\n<p>La noche del 6 de septiembre de 2021 en entrevista con el canal RTS, al presidente Guillermo Lasso, confirm\u00f3 el llamado a Consulta Popular que se concretara en este a\u00f1o 2021. La Consulta Popular abarcar\u00eda temas pol\u00edticos y econ\u00f3micos.<\/p>\n<p>El primer mandatario ratific\u00f3 que \u201cla Consulta es s\u00ed o s\u00ed\u201d, independientemente si existe o no apoy\u00f3 del legislativo, en la aprobaci\u00f3n de proyectos de ley que sean iniciativas del Ejecutivo, debido a que enviar\u00e1 a la Asamblea Nacional, un nuevo C\u00f3digo de Trabajo denominado Creando Oportunidades. \u201cSi hay respaldo a la ley (de empleo), hay otros temas de car\u00e1cter pol\u00edtico que tenemos que consultarle al pueblo\u201d, afirm\u00f3 Lasso. Precis\u00f3 sin mayores detalles, dos temas que se abordar\u00e1n en la Consulta Popular: el Consejo de Participaci\u00f3n Ciudadana y Control Social y el fortalecimiento de la dolarizaci\u00f3n.<\/p>\n<p>Sin embargo, para el jurista Xavier Zavala Egas, sobre la pregunta del CPCCS mencion\u00f3 \u201cla Corte Constitucional, se ha expresado varias veces en sus fallos, diciendo que su desaparici\u00f3n o eliminaci\u00f3n, no es un tema de Consulta Popular, sino un tema de reforma parcial a la constituci\u00f3n\u201d. Por lo que este tema no debe ser consultado en la iniciativa del Presidente Guillermo Lasso, \u201cson temas que pueden ser observados por la Corte Constitucional\u201d recalc\u00f3 Zavala Egas.<\/p>\n<p>Adem\u00e1s, considera que, para las elecciones de Consulta Popular, es un instrumento que le otorga al ejecutivo alg\u00fan tipo de gobernabilidad cundo encuentra los caminos cerrados tanto en el \u00e1mbito pol\u00edtico o econ\u00f3micos. \u201cLa Consulta Popular, es un tipo de democracia participativa, que exige apoy\u00f3 pol\u00edtico. Que es lo que yo no s\u00e9, si hasta la fecha que el Presidente de la Republica quiere convocar con temas que son netamente pol\u00e9micos, vaya a tener el capital pol\u00edtico necesario para solventar esos temas. Afirmo el doctor en derecho Xavier Zavala.<\/p>\n<p>&nbsp;<\/p>\n<p>www.lodelmomentoloja.com<\/p>\n<p>#LDMnoticias #lodelmomentolojaLDM<\/p>\n","protected":false},"excerpt":{"rendered":"<p>#Nacional | El llamado a Consulta Popular ser\u00eda la v\u00eda del Ejecutivo para la gobernabilidad&#8230;<\/p>\n","protected":false},"author":1,"featured_media":5355,"comment_status":"open","ping_status":"open","sticky":false,"template":"","format":"standard","meta":{"footnotes":""},"categories":[7],"tags":[],"class_list":["post-5354","post","type-post","status-publish","format-standard","has-post-thumbnail","hentry","category-ecuador"],"_links":{"self":[{"href":"https:\/\/www.lodelmomentoloja.com\/index.php?rest_route=\/wp\/v2\/posts\/5354"}],"collection":[{"href":"https:\/\/www.lodelmomentoloja.com\/index.php?rest_route=\/wp\/v2\/posts"}],"about":[{"href":"https:\/\/www.lodelmomentoloja.com\/index.php?rest_route=\/wp\/v2\/types\/post"}],"author":[{"embeddable":true,"href":"https:\/\/www.lodelmomentoloja.com\/index.php?rest_route=\/wp\/v2\/users\/1"}],"replies":[{"embeddable":true,"href":"https:\/\/www.lodelmomentoloja.com\/index.php?rest_route=%2Fwp%2Fv2%2Fcomments&post=5354"}],"version-history":[{"count":1,"href":"https:\/\/www.lodelmomentoloja.com\/index.php?rest_route=\/wp\/v2\/posts\/5354\/revisions"}],"predecessor-version":[{"id":5356,"href":"https:\/\/www.lodelmomentoloja.com\/index.php?rest_route=\/wp\/v2\/posts\/5354\/revisions\/5356"}],"wp:featuredmedia":[{"embeddable":true,"href":"https:\/\/www.lodelmomentoloja.com\/index.php?rest_route=\/wp\/v2\/media\/5355"}],"wp:attachment":[{"href":"https:\/\/www.lodelmomentoloja.com\/index.php?rest_route=%2Fwp%2Fv2%2Fmedia&parent=5354"}],"wp:term":[{"taxonomy":"category","embeddable":true,"href":"https:\/\/www.lodelmomentoloja.com\/index.php?rest_route=%2Fwp%2Fv2%2Fcategories&post=5354"},{"taxonomy":"post_tag","embeddable":true,"href":"https:\/\/www.lodelmomentoloja.com\/index.php?rest_route=%2Fwp%2Fv2%2Ftags&post=5354"}],"curies":[{"name":"wp","href":"https:\/\/api.w.org\/{rel}","templated":true}]}}