{"id":5350,"date":"2021-09-07T12:00:59","date_gmt":"2021-09-07T12:00:59","guid":{"rendered":"http:\/\/www.lodelmomentoloja.com\/?p=5350"},"modified":"2021-09-07T17:08:39","modified_gmt":"2021-09-07T17:08:39","slug":"vicealcaldesa-se-va-por-un-mes-de-vacaciones","status":"publish","type":"post","link":"https:\/\/www.lodelmomentoloja.com\/?p=5350","title":{"rendered":"Vicealcaldesa se ir\u00e1 por un mes de vacaciones"},"content":{"rendered":"<p>#Loja | Patricia Picoita solicit\u00f3 un mes.<\/p>\n<p>Tras dos a\u00f1os desde que fue posesionado el cabildo de Loja en mayo de 2019, algunos concejales espor\u00e1dicamente han solicitado vacaciones.<\/p>\n<p>De acuerdo a la Ley de Servicio P\u00fablico en su art\u00edculo 29 establece, Vacaciones y Permisos; Toda servidora o servidor p\u00fablico tendr\u00e1 derecho a disfrutar de treinta d\u00edas de vacaciones anuales pagadas despu\u00e9s de once meses de servicio continuo. Este derecho no podr\u00e1 ser compensado en dinero, salvo en el caso de cesaci\u00f3n de funciones en que se liquidar\u00e1n las vacaciones no gozadas de acuerdo al valor percibido o que debi\u00f3 percibir por su \u00faltima vacaci\u00f3n. Las vacaciones podr\u00e1n ser acumuladas hasta por sesenta d\u00edas.<\/p>\n<p>Mientras se encuentre con licencia de un mes la concejala Patricia Picoita y actual Vicealcaldesa de Loja, se principalizar\u00e1 el Concejal Alterno Jaime Cuenca, los cuales fueron elegidos por el Movimiento Pol\u00edtico Democracia SI, el cual es dirigido nacionalmente por el ex Ministro de Gobierno Gustavo Larrea.<\/p>\n<p>La segunda autoridad municipal, es la cuarta edil que solicita vacaciones en el \u00faltimo mes.<\/p>\n<p>#LDMnoticias #lodelmomentolojaLDM<\/p>\n","protected":false},"excerpt":{"rendered":"<p>#Loja | Patricia Picoita solicit\u00f3 un mes. Tras dos a\u00f1os desde que fue posesionado el&#8230;<\/p>\n","protected":false},"author":1,"featured_media":5351,"comment_status":"open","ping_status":"open","sticky":false,"template":"","format":"standard","meta":{"footnotes":""},"categories":[1,5],"tags":[],"class_list":["post-5350","post","type-post","status-publish","format-standard","has-post-thumbnail","hentry","category-inicio","category-loja"],"_links":{"self":[{"href":"https:\/\/www.lodelmomentoloja.com\/index.php?rest_route=\/wp\/v2\/posts\/5350"}],"collection":[{"href":"https:\/\/www.lodelmomentoloja.com\/index.php?rest_route=\/wp\/v2\/posts"}],"about":[{"href":"https:\/\/www.lodelmomentoloja.com\/index.php?rest_route=\/wp\/v2\/types\/post"}],"author":[{"embeddable":true,"href":"https:\/\/www.lodelmomentoloja.com\/index.php?rest_route=\/wp\/v2\/users\/1"}],"replies":[{"embeddable":true,"href":"https:\/\/www.lodelmomentoloja.com\/index.php?rest_route=%2Fwp%2Fv2%2Fcomments&post=5350"}],"version-history":[{"count":2,"href":"https:\/\/www.lodelmomentoloja.com\/index.php?rest_route=\/wp\/v2\/posts\/5350\/revisions"}],"predecessor-version":[{"id":5353,"href":"https:\/\/www.lodelmomentoloja.com\/index.php?rest_route=\/wp\/v2\/posts\/5350\/revisions\/5353"}],"wp:featuredmedia":[{"embeddable":true,"href":"https:\/\/www.lodelmomentoloja.com\/index.php?rest_route=\/wp\/v2\/media\/5351"}],"wp:attachment":[{"href":"https:\/\/www.lodelmomentoloja.com\/index.php?rest_route=%2Fwp%2Fv2%2Fmedia&parent=5350"}],"wp:term":[{"taxonomy":"category","embeddable":true,"href":"https:\/\/www.lodelmomentoloja.com\/index.php?rest_route=%2Fwp%2Fv2%2Fcategories&post=5350"},{"taxonomy":"post_tag","embeddable":true,"href":"https:\/\/www.lodelmomentoloja.com\/index.php?rest_route=%2Fwp%2Fv2%2Ftags&post=5350"}],"curies":[{"name":"wp","href":"https:\/\/api.w.org\/{rel}","templated":true}]}}