{"id":5303,"date":"2021-09-03T11:00:36","date_gmt":"2021-09-03T11:00:36","guid":{"rendered":"http:\/\/www.lodelmomentoloja.com\/?p=5303"},"modified":"2021-09-03T17:49:45","modified_gmt":"2021-09-03T17:49:45","slug":"exasambleista-nivia-v-llamada-a-juicio","status":"publish","type":"post","link":"https:\/\/www.lodelmomentoloja.com\/?p=5303","title":{"rendered":"Exasamble\u00edsta Nivia V. llamada a juicio."},"content":{"rendered":"<p>Loja | ex asamble\u00edsta de Loja, llamada a juicio por concusi\u00f3n<\/p>\n<p>La Corte Nacional de Justicia, en audiencia realizada el d\u00eda de hoy, acoge el pedido de Fiscal\u00eda General del Estado, llamar a juicio por el presunto delito de concusi\u00f3n; a la ex asamble\u00edsta de Loja, Nivea V., por los hechos que se habr\u00edan cometido cuando ella fue legisladora en el per\u00edodo 2009-2013<\/p>\n<p>De acuerdo a la Corte hay que separar dos momentos; 1) los dep\u00f3sitos por parte de los asesores antes que ingresen a trabajar dentro de su equipo legislativo. Y 2) los dep\u00f3sitos realizados en una tercera cuenta bancaria, que fue obligado a crear el ex asesor Vicente O. en conjunto con la secretaria personal de la ex legisladora. Cuenta bancaria donde se encontraron dep\u00f3sitos de al rededor de 1000 d\u00f3lares por parte de su asesor Vicente O y de los otros asesores que laboraron en el equipo de la ex Presidenta de Derechos Laborales de la Asamblea Nacional.<\/p>\n<p>La ex asesora y persona de confianza de la ex asamble\u00edsta, tambi\u00e9n fue denunciada por el presunto delito de concusi\u00f3n. Pero, la Corte Nacional de Justicia decidi\u00f3 sobreceirla y por considerarla como v\u00edctima, ya que todos los actos habr\u00eda sido cometidos porque fue obligada por su jefe, Exasamble\u00edsta de Loja N\u00edvea V.<\/p>\n<p>Las medidas cautelares que termin\u00f3 el Tribunal Penal para la ex legisladora:<br \/>\n\u2714\ufe0f Retenci\u00f3n de las cuentas bancarias.<br \/>\n\u2714\ufe0f Prohibici\u00f3n de enajenar bienes en Loja y Quito.<br \/>\n\u2714\ufe0f Presentaci\u00f3n peri\u00f3dica en la Corte Provincial de Loja.<\/p>\n<p>&nbsp;<\/p>\n<p>#LDMnoticias #lodelmomentolojaLDM<\/p>\n","protected":false},"excerpt":{"rendered":"<p>Loja | ex asamble\u00edsta de Loja, llamada a juicio por concusi\u00f3n La Corte Nacional de&#8230;<\/p>\n","protected":false},"author":1,"featured_media":5304,"comment_status":"open","ping_status":"open","sticky":false,"template":"","format":"standard","meta":{"footnotes":""},"categories":[7,1,5],"tags":[],"class_list":["post-5303","post","type-post","status-publish","format-standard","has-post-thumbnail","hentry","category-ecuador","category-inicio","category-loja"],"_links":{"self":[{"href":"https:\/\/www.lodelmomentoloja.com\/index.php?rest_route=\/wp\/v2\/posts\/5303"}],"collection":[{"href":"https:\/\/www.lodelmomentoloja.com\/index.php?rest_route=\/wp\/v2\/posts"}],"about":[{"href":"https:\/\/www.lodelmomentoloja.com\/index.php?rest_route=\/wp\/v2\/types\/post"}],"author":[{"embeddable":true,"href":"https:\/\/www.lodelmomentoloja.com\/index.php?rest_route=\/wp\/v2\/users\/1"}],"replies":[{"embeddable":true,"href":"https:\/\/www.lodelmomentoloja.com\/index.php?rest_route=%2Fwp%2Fv2%2Fcomments&post=5303"}],"version-history":[{"count":1,"href":"https:\/\/www.lodelmomentoloja.com\/index.php?rest_route=\/wp\/v2\/posts\/5303\/revisions"}],"predecessor-version":[{"id":5305,"href":"https:\/\/www.lodelmomentoloja.com\/index.php?rest_route=\/wp\/v2\/posts\/5303\/revisions\/5305"}],"wp:featuredmedia":[{"embeddable":true,"href":"https:\/\/www.lodelmomentoloja.com\/index.php?rest_route=\/wp\/v2\/media\/5304"}],"wp:attachment":[{"href":"https:\/\/www.lodelmomentoloja.com\/index.php?rest_route=%2Fwp%2Fv2%2Fmedia&parent=5303"}],"wp:term":[{"taxonomy":"category","embeddable":true,"href":"https:\/\/www.lodelmomentoloja.com\/index.php?rest_route=%2Fwp%2Fv2%2Fcategories&post=5303"},{"taxonomy":"post_tag","embeddable":true,"href":"https:\/\/www.lodelmomentoloja.com\/index.php?rest_route=%2Fwp%2Fv2%2Ftags&post=5303"}],"curies":[{"name":"wp","href":"https:\/\/api.w.org\/{rel}","templated":true}]}}