{"id":5297,"date":"2021-09-03T09:34:53","date_gmt":"2021-09-03T09:34:53","guid":{"rendered":"http:\/\/www.lodelmomentoloja.com\/?p=5297"},"modified":"2021-09-03T14:37:44","modified_gmt":"2021-09-03T14:37:44","slug":"deportaran-a-ppls-extranjeros","status":"publish","type":"post","link":"https:\/\/www.lodelmomentoloja.com\/?p=5297","title":{"rendered":"Deportar\u00e1n a PPL&#8217;s extranjeros"},"content":{"rendered":"<p>#Ecuador | El presidente, Guillermo Lasso, que su administraci\u00f3n trabajar\u00e1 para deportar o extraditar a los extranjeros que est\u00e1n presos en el pa\u00eds.<\/p>\n<p>Adem\u00e1s anunci\u00f3 una pol\u00edtica tendiente a \u201crecuperar la soberan\u00eda del Estado\u201d en las c\u00e1rceles, que registran una compleja situaci\u00f3n, con reiterados motines y enfrentamientos internos entre reos.<\/p>\n<p>&#8220;Para recuperar la soberan\u00eda del Estado en las c\u00e1rceles del Ecuador\u201d, entre otras medidas, Lasso anunci\u00f3 que se implementar\u00e1n esc\u00e1neres e inhibidores de tel\u00e9fonos, entre otras medidas.<\/p>\n<p>En una entrevista para El Comercio, el mandatario dijo que en paralelo se trabajar\u00e1 \u201cen la defensa de los derechos humanos de las personas privadas de libertad\u201d.<\/p>\n<p>www.lodelmomentoloja.com<br \/>\n#LDMnoticias #lodelmomentolojaLDM<\/p>\n","protected":false},"excerpt":{"rendered":"<p>#Ecuador | El presidente, Guillermo Lasso, que su administraci\u00f3n trabajar\u00e1 para deportar o extraditar a&#8230;<\/p>\n","protected":false},"author":1,"featured_media":5298,"comment_status":"open","ping_status":"open","sticky":false,"template":"","format":"standard","meta":{"footnotes":""},"categories":[4],"tags":[],"class_list":["post-5297","post","type-post","status-publish","format-standard","has-post-thumbnail","hentry","category-internacional"],"_links":{"self":[{"href":"https:\/\/www.lodelmomentoloja.com\/index.php?rest_route=\/wp\/v2\/posts\/5297"}],"collection":[{"href":"https:\/\/www.lodelmomentoloja.com\/index.php?rest_route=\/wp\/v2\/posts"}],"about":[{"href":"https:\/\/www.lodelmomentoloja.com\/index.php?rest_route=\/wp\/v2\/types\/post"}],"author":[{"embeddable":true,"href":"https:\/\/www.lodelmomentoloja.com\/index.php?rest_route=\/wp\/v2\/users\/1"}],"replies":[{"embeddable":true,"href":"https:\/\/www.lodelmomentoloja.com\/index.php?rest_route=%2Fwp%2Fv2%2Fcomments&post=5297"}],"version-history":[{"count":1,"href":"https:\/\/www.lodelmomentoloja.com\/index.php?rest_route=\/wp\/v2\/posts\/5297\/revisions"}],"predecessor-version":[{"id":5299,"href":"https:\/\/www.lodelmomentoloja.com\/index.php?rest_route=\/wp\/v2\/posts\/5297\/revisions\/5299"}],"wp:featuredmedia":[{"embeddable":true,"href":"https:\/\/www.lodelmomentoloja.com\/index.php?rest_route=\/wp\/v2\/media\/5298"}],"wp:attachment":[{"href":"https:\/\/www.lodelmomentoloja.com\/index.php?rest_route=%2Fwp%2Fv2%2Fmedia&parent=5297"}],"wp:term":[{"taxonomy":"category","embeddable":true,"href":"https:\/\/www.lodelmomentoloja.com\/index.php?rest_route=%2Fwp%2Fv2%2Fcategories&post=5297"},{"taxonomy":"post_tag","embeddable":true,"href":"https:\/\/www.lodelmomentoloja.com\/index.php?rest_route=%2Fwp%2Fv2%2Ftags&post=5297"}],"curies":[{"name":"wp","href":"https:\/\/api.w.org\/{rel}","templated":true}]}}