{"id":5263,"date":"2021-09-02T12:35:14","date_gmt":"2021-09-02T12:35:14","guid":{"rendered":"http:\/\/www.lodelmomentoloja.com\/?p=5263"},"modified":"2021-09-02T17:37:11","modified_gmt":"2021-09-02T17:37:11","slug":"una-tercera-dosis-de-vacunas","status":"publish","type":"post","link":"https:\/\/www.lodelmomentoloja.com\/?p=5263","title":{"rendered":"\u00bfUna tercera dosis de vacunas?"},"content":{"rendered":"<p>#Ecuador | Una tercera dosis contra COVID-19 para poblaci\u00f3n ecuatoriana.<\/p>\n<p>Ecuador no descarta ampliar el plan de vacunaci\u00f3n a los menores a partir de los dos a\u00f1os e inclusive aplicar una tercera dosis para proteger a la poblaci\u00f3n de la pandemia de coronavirus, anunci\u00f3 el martes el presidente Guillermo Lasso.<\/p>\n<p>En un discurso el mandatario dijo que de acuerdo con las tendencias cient\u00edficas globales hay pa\u00edses que hablan de vacunar \u201cdesde los 2 a\u00f1os de edad&#8230; si esas tendencias cient\u00edficas demuestran que es el camino correcto, pues transitaremos por ese camino\u201d. Acerca de una tercera dosis expres\u00f3 que el \u201cgobierno est\u00e1 listo para enfrentar esos nuevos desaf\u00edos\u201d.<\/p>\n<p>Adem\u00e1s se prev\u00e9 que a partir del 13 de septiembre se iniciar\u00e1 la vacunaci\u00f3n de los ecuatorianos de 12 a\u00f1os en adelante\u201d, destac\u00f3.<\/p>\n<p>Fuente: Chicago Tribune<\/p>\n<p>www.lodelmomentoloja.com<br \/>\n#LDMnoticias #lodelmomentolojaLDM<\/p>\n","protected":false},"excerpt":{"rendered":"<p>#Ecuador | Una tercera dosis contra COVID-19 para poblaci\u00f3n ecuatoriana. Ecuador no descarta ampliar el&#8230;<\/p>\n","protected":false},"author":1,"featured_media":5264,"comment_status":"open","ping_status":"open","sticky":false,"template":"","format":"standard","meta":{"footnotes":""},"categories":[7],"tags":[],"class_list":["post-5263","post","type-post","status-publish","format-standard","has-post-thumbnail","hentry","category-ecuador"],"_links":{"self":[{"href":"https:\/\/www.lodelmomentoloja.com\/index.php?rest_route=\/wp\/v2\/posts\/5263"}],"collection":[{"href":"https:\/\/www.lodelmomentoloja.com\/index.php?rest_route=\/wp\/v2\/posts"}],"about":[{"href":"https:\/\/www.lodelmomentoloja.com\/index.php?rest_route=\/wp\/v2\/types\/post"}],"author":[{"embeddable":true,"href":"https:\/\/www.lodelmomentoloja.com\/index.php?rest_route=\/wp\/v2\/users\/1"}],"replies":[{"embeddable":true,"href":"https:\/\/www.lodelmomentoloja.com\/index.php?rest_route=%2Fwp%2Fv2%2Fcomments&post=5263"}],"version-history":[{"count":1,"href":"https:\/\/www.lodelmomentoloja.com\/index.php?rest_route=\/wp\/v2\/posts\/5263\/revisions"}],"predecessor-version":[{"id":5265,"href":"https:\/\/www.lodelmomentoloja.com\/index.php?rest_route=\/wp\/v2\/posts\/5263\/revisions\/5265"}],"wp:featuredmedia":[{"embeddable":true,"href":"https:\/\/www.lodelmomentoloja.com\/index.php?rest_route=\/wp\/v2\/media\/5264"}],"wp:attachment":[{"href":"https:\/\/www.lodelmomentoloja.com\/index.php?rest_route=%2Fwp%2Fv2%2Fmedia&parent=5263"}],"wp:term":[{"taxonomy":"category","embeddable":true,"href":"https:\/\/www.lodelmomentoloja.com\/index.php?rest_route=%2Fwp%2Fv2%2Fcategories&post=5263"},{"taxonomy":"post_tag","embeddable":true,"href":"https:\/\/www.lodelmomentoloja.com\/index.php?rest_route=%2Fwp%2Fv2%2Ftags&post=5263"}],"curies":[{"name":"wp","href":"https:\/\/api.w.org\/{rel}","templated":true}]}}