{"id":5247,"date":"2021-09-01T16:10:56","date_gmt":"2021-09-01T16:10:56","guid":{"rendered":"http:\/\/www.lodelmomentoloja.com\/?p=5247"},"modified":"2021-09-01T21:57:54","modified_gmt":"2021-09-01T21:57:54","slug":"firman-contrato-para-asfaltado-de-la-via-villonaco-taquil","status":"publish","type":"post","link":"https:\/\/www.lodelmomentoloja.com\/?p=5247","title":{"rendered":"Firman contrato para asfaltado de la v\u00eda Villonaco-Taquil."},"content":{"rendered":"<p><strong>LA FIRMA DEL CONTRATO<\/strong><\/p>\n<p>En el parque central de la parroquia Chuquiribamba del cant\u00f3n Loja, la tarde del martes se firm\u00f3 el contrato para el asfaltado de la v\u00eda Villonaco \u2013 Chuquiribamba, evento que cont\u00f3 con la presencia de Fabi\u00e1n Carrillo, Gerente General del Banco de Desarrollo del Ecuador.<\/p>\n<p>\u201cEs un sue\u00f1o que hemos anhelado por mucho tiempo\u201d, resalt\u00f3 en su intervenci\u00f3n H\u00e9ctor Guaya, presidente del GADP de Chuquiribamba, \u201cEl \u00a0asfaltado de la v\u00eda es hist\u00f3rico para nuestra parroquia\u2026 es el \u00fanico Prefecto en la historia de la provincia que dio importancia al sector noroccidental del cant\u00f3n Loja\u201d.<\/p>\n<p>El presidente del GAD Parroquial de Taquil, V\u00edctor Guam\u00e1n, agradeci\u00f3 al Prefecto \u201cdesde hace mucho tiempo nos han mentido, pero hoy se va a ver cristalizada esta obra anhelada por todos los que formamos estas parroquias\u201d.<\/p>\n<p>&nbsp;<\/p>\n<p>An\u00edbal Espinoza, presidente del GAD parroquial de Chantaco solicit\u00f3 que la ejecuci\u00f3n de la obra sea una oportunidad para generar fuentes de empleo para los sectores beneficiados.<\/p>\n<p>&nbsp;<\/p>\n<p><img loading=\"lazy\" decoding=\"async\" class=\"alignnone wp-image-5248 size-large\" src=\"http:\/\/www.lodelmomentoloja.com\/wp-content\/uploads\/2021\/09\/FIRMA-CONTRATO-2-1024x575.jpeg\" alt=\"\" width=\"640\" height=\"359\" srcset=\"https:\/\/www.lodelmomentoloja.com\/wp-content\/uploads\/2021\/09\/FIRMA-CONTRATO-2-1024x575.jpeg 1024w, https:\/\/www.lodelmomentoloja.com\/wp-content\/uploads\/2021\/09\/FIRMA-CONTRATO-2-300x169.jpeg 300w, https:\/\/www.lodelmomentoloja.com\/wp-content\/uploads\/2021\/09\/FIRMA-CONTRATO-2-768x431.jpeg 768w, https:\/\/www.lodelmomentoloja.com\/wp-content\/uploads\/2021\/09\/FIRMA-CONTRATO-2-640x360.jpeg 640w, https:\/\/www.lodelmomentoloja.com\/wp-content\/uploads\/2021\/09\/FIRMA-CONTRATO-2.jpeg 1280w\" sizes=\"(max-width: 640px) 100vw, 640px\" \/><\/p>\n<p>De su parte el prefecto Rafael D\u00e1vila destac\u00f3 que \u201cestamos aqu\u00ed para hacer realidad un viejo anhelo, un sue\u00f1o que por d\u00e9cadas ten\u00edan los habitantes de los sectores noroccidentales\u2026 firmaremos el contrato para el asfaltado de la v\u00eda Villonaco \u2013 Taquil \u2013 Chantaco \u2013 Chuquiribamba, <strong>la Constructora Oviedo Palacios (COVIPAL) estar\u00e1 a cargo de esta obra<\/strong> y se ha comprometido a poner tres frentes de trabajo \u201cse ubicar\u00e1 un primer equipo en el tramo Villonaco -Taquil; un segundo equipo en el tramo Taquil &#8211; Chantaco, y un tercer frente de trabajo en el tramo Chantaco-Chuquiribamba&#8221;.<\/p>\n<p>&nbsp;<\/p>\n<p>Adem\u00e1s indic\u00f3 que las fuentes de empleo que se generen ser\u00e1n ocupadas por personas de la localidad, dinamizando as\u00ed la econom\u00eda del sector; agradeci\u00f3 el aporte y el apoyo del Gobierno Nacional, Banco del Estado y Ministerio de Transporte para la consecuci\u00f3n de esta obra, cuyo plazo de ejecuci\u00f3n ser\u00e1 de 18 meses.<\/p>\n<p>Fabi\u00e1n Carrillo, Gerente General del Banco de Desarrollo, expres\u00f3 \u201cnuestro compromiso sigue latente con la provincia de Loja, es un honor ser testigo de la firma para la realizaci\u00f3n de esta importante obra que beneficiar\u00e1 a m\u00e1s de siete mil habitantes y a la que financiamos con casi 5 millones de d\u00f3lares\u201d.<\/p>\n<p>&nbsp;<\/p>\n<p><img loading=\"lazy\" decoding=\"async\" class=\"alignnone wp-image-5249 size-large\" src=\"http:\/\/www.lodelmomentoloja.com\/wp-content\/uploads\/2021\/09\/FIRMA-CONTRATO-1-1024x575.jpeg\" alt=\"\" width=\"640\" height=\"359\" srcset=\"https:\/\/www.lodelmomentoloja.com\/wp-content\/uploads\/2021\/09\/FIRMA-CONTRATO-1-1024x575.jpeg 1024w, https:\/\/www.lodelmomentoloja.com\/wp-content\/uploads\/2021\/09\/FIRMA-CONTRATO-1-300x169.jpeg 300w, https:\/\/www.lodelmomentoloja.com\/wp-content\/uploads\/2021\/09\/FIRMA-CONTRATO-1-768x431.jpeg 768w, https:\/\/www.lodelmomentoloja.com\/wp-content\/uploads\/2021\/09\/FIRMA-CONTRATO-1-640x360.jpeg 640w, https:\/\/www.lodelmomentoloja.com\/wp-content\/uploads\/2021\/09\/FIRMA-CONTRATO-1.jpeg 1280w\" sizes=\"(max-width: 640px) 100vw, 640px\" \/><\/p>\n<p>&nbsp;<\/p>\n<p>La viceprefecta Mar\u00eda Jos\u00e9 Coronel, se refiri\u00f3 a la importancia de esta obra sobre todo como un aporte al desarrollo productivo y tur\u00edstico de esta importante zona del cant\u00f3n.<\/p>\n<p>&nbsp;<\/p>\n<p><strong>El costo total de la obra es de 13`545.000 d\u00f3lares, incluidos los estudios y fiscalizaci\u00f3n.<\/strong><\/p>\n<p>#LDMnoticias #lodelmomentolojaLDM<\/p>\n","protected":false},"excerpt":{"rendered":"<p>LA FIRMA DEL CONTRATO En el parque central de la parroquia Chuquiribamba del cant\u00f3n Loja,&#8230;<\/p>\n","protected":false},"author":1,"featured_media":5253,"comment_status":"open","ping_status":"open","sticky":false,"template":"","format":"standard","meta":{"footnotes":""},"categories":[1,5],"tags":[],"class_list":["post-5247","post","type-post","status-publish","format-standard","has-post-thumbnail","hentry","category-inicio","category-loja"],"_links":{"self":[{"href":"https:\/\/www.lodelmomentoloja.com\/index.php?rest_route=\/wp\/v2\/posts\/5247"}],"collection":[{"href":"https:\/\/www.lodelmomentoloja.com\/index.php?rest_route=\/wp\/v2\/posts"}],"about":[{"href":"https:\/\/www.lodelmomentoloja.com\/index.php?rest_route=\/wp\/v2\/types\/post"}],"author":[{"embeddable":true,"href":"https:\/\/www.lodelmomentoloja.com\/index.php?rest_route=\/wp\/v2\/users\/1"}],"replies":[{"embeddable":true,"href":"https:\/\/www.lodelmomentoloja.com\/index.php?rest_route=%2Fwp%2Fv2%2Fcomments&post=5247"}],"version-history":[{"count":3,"href":"https:\/\/www.lodelmomentoloja.com\/index.php?rest_route=\/wp\/v2\/posts\/5247\/revisions"}],"predecessor-version":[{"id":5254,"href":"https:\/\/www.lodelmomentoloja.com\/index.php?rest_route=\/wp\/v2\/posts\/5247\/revisions\/5254"}],"wp:featuredmedia":[{"embeddable":true,"href":"https:\/\/www.lodelmomentoloja.com\/index.php?rest_route=\/wp\/v2\/media\/5253"}],"wp:attachment":[{"href":"https:\/\/www.lodelmomentoloja.com\/index.php?rest_route=%2Fwp%2Fv2%2Fmedia&parent=5247"}],"wp:term":[{"taxonomy":"category","embeddable":true,"href":"https:\/\/www.lodelmomentoloja.com\/index.php?rest_route=%2Fwp%2Fv2%2Fcategories&post=5247"},{"taxonomy":"post_tag","embeddable":true,"href":"https:\/\/www.lodelmomentoloja.com\/index.php?rest_route=%2Fwp%2Fv2%2Ftags&post=5247"}],"curies":[{"name":"wp","href":"https:\/\/api.w.org\/{rel}","templated":true}]}}