{"id":5244,"date":"2021-09-01T14:21:47","date_gmt":"2021-09-01T14:21:47","guid":{"rendered":"http:\/\/www.lodelmomentoloja.com\/?p=5244"},"modified":"2021-09-01T19:24:21","modified_gmt":"2021-09-01T19:24:21","slug":"denuncia-publica-por-pedido-de-contribuciones-en-unidad-educativa-fiscal-de-loja","status":"publish","type":"post","link":"https:\/\/www.lodelmomentoloja.com\/?p=5244","title":{"rendered":"Denuncia p\u00fablica por pedido de contribuciones en Unidad Educativa fiscal de Loja."},"content":{"rendered":"<p>#Loja | Padres de familia denuncian pedido de contribuciones en Unidad Educativa fiscal.<\/p>\n<p>A nuestra redacci\u00f3n lleg\u00f3 de una denuncia, por el pedido de colaboraciones que se les exige a los padres de familia de la Unidad Educativa Fiscal Zoila Alvarado, est\u00e1 exigencia se la realiza desde el comit\u00e9 central de padres de familia, cuotas que estar\u00edan recaudan para el \u201cmejoramiento y mantenimiento del sistema hidrosanitario\u201d, seg\u00fan reza el comunicado emitido por el comit\u00e9 central.<\/p>\n<p>Adem\u00e1s, en los grupos de WhatsApp de los padres de familia se envi\u00f3 un audio de quien ser\u00eda la presidenta de un paralelo, advirtiendo a los padres de familia que a quienes no paguen est\u00e1 contribuci\u00f3n para este proyecto \u201cpara el d\u00eda de la matr\u00edcula, se va a cobrar los 20 d\u00f3lares por familia (\u2026) yo pregunte bien y me asesore dicen que; sino se cancela los 20 d\u00f3lares no hay matricula para los ni\u00f1os\u201d<\/p>\n<p>Los padres de familia de los ni\u00f1os que se educan en esta entidad fiscal, se encuentran preocupados debido a que, por la pandemia se ha golpeado econ\u00f3micamente a la econom\u00eda de sus hogares, los cuales se sienten indignados que se les condicione la matriculas de sus hijos.<\/p>\n<p>Le consultamos al Coordinador Zonal de Educaci\u00f3n, Camilo Espinosa, sobre est\u00e1 denuncia y seguro que \u201ccomo Ministerio de educaci\u00f3n no hemos autorizado el cobro de ning\u00fan valor a los padres de familia.\u201d Y advirti\u00f3 que est\u00e1 prohibido que \u201cla matricula de los estudiantes este supereditada al pago de un valor, exigido por los padres de familia. Nosotros no podemos negarle legitimo derecho constitucional que tienen ni\u00f1os, ni\u00f1as y adolescentes a la educaci\u00f3n\u201d.<\/p>\n<p>La autoridad educativa asegur\u00f3 que, pedir\u00e1 al Distrito la investigaci\u00f3n de esta denuncia para aplicar las sanciones pertinentes, en caso de que est\u00e9n involucradas las autoridades que presidente la Unidad Educativa Zoila Alvarado, y se encuentren condicionando la matricula por el pago de contribuciones, es decir, neg\u00e1ndoles el derecho a la educaci\u00f3n.<\/p>\n<p>#LDMnoticias #lodelmomentolojaLDM<\/p>\n","protected":false},"excerpt":{"rendered":"<p>#Loja | Padres de familia denuncian pedido de contribuciones en Unidad Educativa fiscal. A nuestra&#8230;<\/p>\n","protected":false},"author":1,"featured_media":5245,"comment_status":"open","ping_status":"open","sticky":false,"template":"","format":"standard","meta":{"footnotes":""},"categories":[5],"tags":[],"class_list":["post-5244","post","type-post","status-publish","format-standard","has-post-thumbnail","hentry","category-loja"],"_links":{"self":[{"href":"https:\/\/www.lodelmomentoloja.com\/index.php?rest_route=\/wp\/v2\/posts\/5244"}],"collection":[{"href":"https:\/\/www.lodelmomentoloja.com\/index.php?rest_route=\/wp\/v2\/posts"}],"about":[{"href":"https:\/\/www.lodelmomentoloja.com\/index.php?rest_route=\/wp\/v2\/types\/post"}],"author":[{"embeddable":true,"href":"https:\/\/www.lodelmomentoloja.com\/index.php?rest_route=\/wp\/v2\/users\/1"}],"replies":[{"embeddable":true,"href":"https:\/\/www.lodelmomentoloja.com\/index.php?rest_route=%2Fwp%2Fv2%2Fcomments&post=5244"}],"version-history":[{"count":1,"href":"https:\/\/www.lodelmomentoloja.com\/index.php?rest_route=\/wp\/v2\/posts\/5244\/revisions"}],"predecessor-version":[{"id":5246,"href":"https:\/\/www.lodelmomentoloja.com\/index.php?rest_route=\/wp\/v2\/posts\/5244\/revisions\/5246"}],"wp:featuredmedia":[{"embeddable":true,"href":"https:\/\/www.lodelmomentoloja.com\/index.php?rest_route=\/wp\/v2\/media\/5245"}],"wp:attachment":[{"href":"https:\/\/www.lodelmomentoloja.com\/index.php?rest_route=%2Fwp%2Fv2%2Fmedia&parent=5244"}],"wp:term":[{"taxonomy":"category","embeddable":true,"href":"https:\/\/www.lodelmomentoloja.com\/index.php?rest_route=%2Fwp%2Fv2%2Fcategories&post=5244"},{"taxonomy":"post_tag","embeddable":true,"href":"https:\/\/www.lodelmomentoloja.com\/index.php?rest_route=%2Fwp%2Fv2%2Ftags&post=5244"}],"curies":[{"name":"wp","href":"https:\/\/api.w.org\/{rel}","templated":true}]}}