{"id":5236,"date":"2021-09-01T09:00:56","date_gmt":"2021-09-01T09:00:56","guid":{"rendered":"http:\/\/www.lodelmomentoloja.com\/?p=5236"},"modified":"2021-09-01T17:06:29","modified_gmt":"2021-09-01T17:06:29","slug":"afganos-no-vendran-a-ecuador","status":"publish","type":"post","link":"https:\/\/www.lodelmomentoloja.com\/?p=5236","title":{"rendered":"Afganos no vendr\u00e1n a Ecuador"},"content":{"rendered":"<p>#Internacional | Ciudadanos afganos ya no vendr\u00e1n a Ecuador, confirm\u00f3 la Canciller\u00eda.<\/p>\n<p>Funcionarios de la Embajada de Estados Unidos en Ecuador dieron a conocer este martes a las autoridades del Ministerio de Relaciones Exteriores que los 5.000 ciudadanos afganos que posiblemente iban a arribar al pa\u00eds no lo har\u00e1n, pues han sido acogidos por otros pa\u00edses.<\/p>\n<p>Tras la noticia, la Canciller\u00eda reiter\u00f3 su apertura y solidaridad en el caso de que otros ciudadanos afganos requieran la acogida del pa\u00eds.<\/p>\n<p>La apertura de Ecuador fue reconocida y agradecida por el Gobierno de Estados Unidos, quien iba a correr con los gastos de la estad\u00eda para los afganos. Sin embargo, la cartera no descarta que ciudadanos afganos opten por venir a nuestro pa\u00eds de forma independiente.<\/p>\n<p>www.lodelmomentoloja.com<br \/>\n#LDMnoticias #lodelmomentolojaLDM<\/p>\n","protected":false},"excerpt":{"rendered":"<p>#Internacional | Ciudadanos afganos ya no vendr\u00e1n a Ecuador, confirm\u00f3 la Canciller\u00eda. Funcionarios de la&#8230;<\/p>\n","protected":false},"author":1,"featured_media":5237,"comment_status":"open","ping_status":"open","sticky":false,"template":"","format":"standard","meta":{"footnotes":""},"categories":[4],"tags":[],"class_list":["post-5236","post","type-post","status-publish","format-standard","has-post-thumbnail","hentry","category-internacional"],"_links":{"self":[{"href":"https:\/\/www.lodelmomentoloja.com\/index.php?rest_route=\/wp\/v2\/posts\/5236"}],"collection":[{"href":"https:\/\/www.lodelmomentoloja.com\/index.php?rest_route=\/wp\/v2\/posts"}],"about":[{"href":"https:\/\/www.lodelmomentoloja.com\/index.php?rest_route=\/wp\/v2\/types\/post"}],"author":[{"embeddable":true,"href":"https:\/\/www.lodelmomentoloja.com\/index.php?rest_route=\/wp\/v2\/users\/1"}],"replies":[{"embeddable":true,"href":"https:\/\/www.lodelmomentoloja.com\/index.php?rest_route=%2Fwp%2Fv2%2Fcomments&post=5236"}],"version-history":[{"count":1,"href":"https:\/\/www.lodelmomentoloja.com\/index.php?rest_route=\/wp\/v2\/posts\/5236\/revisions"}],"predecessor-version":[{"id":5238,"href":"https:\/\/www.lodelmomentoloja.com\/index.php?rest_route=\/wp\/v2\/posts\/5236\/revisions\/5238"}],"wp:featuredmedia":[{"embeddable":true,"href":"https:\/\/www.lodelmomentoloja.com\/index.php?rest_route=\/wp\/v2\/media\/5237"}],"wp:attachment":[{"href":"https:\/\/www.lodelmomentoloja.com\/index.php?rest_route=%2Fwp%2Fv2%2Fmedia&parent=5236"}],"wp:term":[{"taxonomy":"category","embeddable":true,"href":"https:\/\/www.lodelmomentoloja.com\/index.php?rest_route=%2Fwp%2Fv2%2Fcategories&post=5236"},{"taxonomy":"post_tag","embeddable":true,"href":"https:\/\/www.lodelmomentoloja.com\/index.php?rest_route=%2Fwp%2Fv2%2Ftags&post=5236"}],"curies":[{"name":"wp","href":"https:\/\/api.w.org\/{rel}","templated":true}]}}