{"id":5200,"date":"2021-08-30T09:26:33","date_gmt":"2021-08-30T09:26:33","guid":{"rendered":"http:\/\/www.lodelmomentoloja.com\/?p=5200"},"modified":"2021-08-31T14:27:49","modified_gmt":"2021-08-31T14:27:49","slug":"de-regreso-a-clases-presenciales-en-ecuador","status":"publish","type":"post","link":"https:\/\/www.lodelmomentoloja.com\/?p=5200","title":{"rendered":"De regreso a clases presenciales en Ecuador"},"content":{"rendered":"<p>#Ecuador | De vuelta a clases presenciales.<\/p>\n<p>El 1 de septiembre iniciar\u00e1n clases todas las escuelas y colegios fiscales, las particulares y fiscomisionales tienen la libertad para decidir la fecha de inicio de actividades, pero, la condici\u00f3n del Ministerio de Educaci\u00f3n es que tienen que cumplir con los 200 d\u00edas de clases.<\/p>\n<p>Las instituciones educativas se han preparado para las dos modalidades de estudio (presencial y virtual) debido a la pandemia de coronavirus, sin embargo el retorno a clases presenciales ser\u00e1 decisi\u00f3n de los representantes de los estudiantes.<\/p>\n<p>Los ni\u00f1os y j\u00f3venes pertenecen a m\u00e1s de 1.600 establecimientos que cumplen con los protocolos establecido por el Ministerio de Educaci\u00f3n.<\/p>\n<p>www.lodelmomentoloja.com<br \/>\n#LDMnoticias #lodelmomentolojaLDM<\/p>\n","protected":false},"excerpt":{"rendered":"<p>#Ecuador | De vuelta a clases presenciales. El 1 de septiembre iniciar\u00e1n clases todas las&#8230;<\/p>\n","protected":false},"author":1,"featured_media":5201,"comment_status":"open","ping_status":"open","sticky":false,"template":"","format":"standard","meta":{"footnotes":""},"categories":[7],"tags":[],"class_list":["post-5200","post","type-post","status-publish","format-standard","has-post-thumbnail","hentry","category-ecuador"],"_links":{"self":[{"href":"https:\/\/www.lodelmomentoloja.com\/index.php?rest_route=\/wp\/v2\/posts\/5200"}],"collection":[{"href":"https:\/\/www.lodelmomentoloja.com\/index.php?rest_route=\/wp\/v2\/posts"}],"about":[{"href":"https:\/\/www.lodelmomentoloja.com\/index.php?rest_route=\/wp\/v2\/types\/post"}],"author":[{"embeddable":true,"href":"https:\/\/www.lodelmomentoloja.com\/index.php?rest_route=\/wp\/v2\/users\/1"}],"replies":[{"embeddable":true,"href":"https:\/\/www.lodelmomentoloja.com\/index.php?rest_route=%2Fwp%2Fv2%2Fcomments&post=5200"}],"version-history":[{"count":1,"href":"https:\/\/www.lodelmomentoloja.com\/index.php?rest_route=\/wp\/v2\/posts\/5200\/revisions"}],"predecessor-version":[{"id":5202,"href":"https:\/\/www.lodelmomentoloja.com\/index.php?rest_route=\/wp\/v2\/posts\/5200\/revisions\/5202"}],"wp:featuredmedia":[{"embeddable":true,"href":"https:\/\/www.lodelmomentoloja.com\/index.php?rest_route=\/wp\/v2\/media\/5201"}],"wp:attachment":[{"href":"https:\/\/www.lodelmomentoloja.com\/index.php?rest_route=%2Fwp%2Fv2%2Fmedia&parent=5200"}],"wp:term":[{"taxonomy":"category","embeddable":true,"href":"https:\/\/www.lodelmomentoloja.com\/index.php?rest_route=%2Fwp%2Fv2%2Fcategories&post=5200"},{"taxonomy":"post_tag","embeddable":true,"href":"https:\/\/www.lodelmomentoloja.com\/index.php?rest_route=%2Fwp%2Fv2%2Ftags&post=5200"}],"curies":[{"name":"wp","href":"https:\/\/api.w.org\/{rel}","templated":true}]}}