{"id":5184,"date":"2021-08-30T11:18:51","date_gmt":"2021-08-30T11:18:51","guid":{"rendered":"http:\/\/www.lodelmomentoloja.com\/?p=5184"},"modified":"2021-08-30T16:21:03","modified_gmt":"2021-08-30T16:21:03","slug":"fuerza-compromiso-social-renuevan-directiva-nacional","status":"publish","type":"post","link":"https:\/\/www.lodelmomentoloja.com\/?p=5184","title":{"rendered":"Fuerza Compromiso Social  renuevan directiva nacional"},"content":{"rendered":"<p>#Nacional | Fuerza Compromiso Social renueva directiva nacional.<\/p>\n<p>Este s\u00e1bado 28 de agosto de 2021, se realizo en Montecristi provincia de Manab\u00ed la convenci\u00f3n nacional de la \u201cRevoluci\u00f3n Ciudadana\u201d. Varios fueron los asistentes que se dieron cita para apoyar al ala correista.<\/p>\n<p>En este evento tuvo la presencia de dos legados del CNE, en donde se eligi\u00f3 a la nueva directiva nacional: Marcela Agui\u00f1aga, David Villamar, Francisco Hidalgo, Doriz Solis, Fausto Herrera, Kuky Rojas, Jean I\u00f1iguez, Emily Vera, Mauricio Proa\u00f1o, Andrea Viteri, Miguel Calahorrano, Crist\u00f3bal Punina y Mar\u00eda Jos\u00e9 Ruiz.<\/p>\n<p>El nuevo bur\u00f3 pol\u00edtico estar\u00e1 dirigido por Marcela Agui\u00f1aga, ex asamble\u00edsta y ex Ministra del Ambiente, en su cuenta de Twitter afirmo que \u201cVengo de la ciudad que resurgi\u00f3 de las cenizas, del proceso hist\u00f3rico m\u00e1s importante de los \u00faltimos tiempos, entonces no esperen de m\u00ed una Marcela que se rinde ante los retos. Esta designaci\u00f3n la acepto con la responsabilidad que lo amerita la historia. \u00a1Es tiempo de las mujeres!\u201d<\/p>\n<p>El movimiento pol\u00edtico denominado \u201cRevoluci\u00f3n Ciudadana\u201d legalmente ante el Consejo Nacional Electoral, se siguen llamando Fuerza Compromiso Social y apunta a realizar los tramites legales para renovarse con el nuevo nombre.<\/p>\n<p>En entrevista en radio Majesta, Agui\u00f1aga asegur\u00f3 que una vez que se legalice la nueva directiva ente el CNE, el desafi\u00f3 inmediato; renovaran las directivas provinciales, cantonales y parroquiales. Adem\u00e1s, recalc\u00f3 que el movimiento pol\u00edtico cuenta con estructura en todo el pa\u00eds y que una de sus prioridades \u201cnos vamos a dedicar a seleccionar, con algunos estudios e indicadores t\u00e9cnicos que se usan como herramientas. A elegir precandidatos para estar listos con las precandidaturas seccionales.\u201d<\/p>\n<p>#LDMnoticias #lodelmomentolojaLDM<\/p>\n","protected":false},"excerpt":{"rendered":"<p>#Nacional | Fuerza Compromiso Social renueva directiva nacional. Este s\u00e1bado 28 de agosto de 2021,&#8230;<\/p>\n","protected":false},"author":1,"featured_media":5185,"comment_status":"open","ping_status":"open","sticky":false,"template":"","format":"standard","meta":{"footnotes":""},"categories":[7],"tags":[],"class_list":["post-5184","post","type-post","status-publish","format-standard","has-post-thumbnail","hentry","category-ecuador"],"_links":{"self":[{"href":"https:\/\/www.lodelmomentoloja.com\/index.php?rest_route=\/wp\/v2\/posts\/5184"}],"collection":[{"href":"https:\/\/www.lodelmomentoloja.com\/index.php?rest_route=\/wp\/v2\/posts"}],"about":[{"href":"https:\/\/www.lodelmomentoloja.com\/index.php?rest_route=\/wp\/v2\/types\/post"}],"author":[{"embeddable":true,"href":"https:\/\/www.lodelmomentoloja.com\/index.php?rest_route=\/wp\/v2\/users\/1"}],"replies":[{"embeddable":true,"href":"https:\/\/www.lodelmomentoloja.com\/index.php?rest_route=%2Fwp%2Fv2%2Fcomments&post=5184"}],"version-history":[{"count":1,"href":"https:\/\/www.lodelmomentoloja.com\/index.php?rest_route=\/wp\/v2\/posts\/5184\/revisions"}],"predecessor-version":[{"id":5186,"href":"https:\/\/www.lodelmomentoloja.com\/index.php?rest_route=\/wp\/v2\/posts\/5184\/revisions\/5186"}],"wp:featuredmedia":[{"embeddable":true,"href":"https:\/\/www.lodelmomentoloja.com\/index.php?rest_route=\/wp\/v2\/media\/5185"}],"wp:attachment":[{"href":"https:\/\/www.lodelmomentoloja.com\/index.php?rest_route=%2Fwp%2Fv2%2Fmedia&parent=5184"}],"wp:term":[{"taxonomy":"category","embeddable":true,"href":"https:\/\/www.lodelmomentoloja.com\/index.php?rest_route=%2Fwp%2Fv2%2Fcategories&post=5184"},{"taxonomy":"post_tag","embeddable":true,"href":"https:\/\/www.lodelmomentoloja.com\/index.php?rest_route=%2Fwp%2Fv2%2Ftags&post=5184"}],"curies":[{"name":"wp","href":"https:\/\/api.w.org\/{rel}","templated":true}]}}