{"id":5175,"date":"2021-08-27T09:27:39","date_gmt":"2021-08-27T09:27:39","guid":{"rendered":"http:\/\/www.lodelmomentoloja.com\/?p=5175"},"modified":"2021-08-27T14:30:00","modified_gmt":"2021-08-27T14:30:00","slug":"canciller-de-la-u-de-san-francisco-es-criticado-por-internautas","status":"publish","type":"post","link":"https:\/\/www.lodelmomentoloja.com\/?p=5175","title":{"rendered":"Canciller de la U. De San  Francisco es criticado por internautas."},"content":{"rendered":"<p>#Quito | El canciller de la Universidad San Francisco de Quito, Santiago Gangoneta ha sido fuertemente criticado por los usuarios en redes sociales por sus palabras clasistas que se pudo ver en un v\u00eddeo, indicando de \u201clongos cualquiera\u201d son los que tratan de usted a las personas.<\/p>\n<p>\u201cNo ir\u00e1n a decir \u2018Hola Santiago \u00bfc\u00f3mo est\u00e1? Porque si me dicen \u00bfc\u00f3mo est\u00e1? es que son unos longos cualquiera. Me dicen hola Santiago \u00bfc\u00f3mo est\u00e1s? Es bien importante el uso de s. No nos parece que sea nada. El t\u00fa y el usted. Si este longo me trata a mi de usted, es un longo cualquiera, pero si me trata de t\u00fa es mi pana \u00bfQuieren ver como funciona? Santiago, tu tiempo se ha acabado y yo me voy\u201d, dijo a un grupo de estudiantes.<\/p>\n<p>En sus redes, Gangoneta, escribi\u00f3 un post refiri\u00e9ndose al tema: &#8221; Video malicioso y fuera de contexto.<\/p>\n<p>El uso del tu y el usted implica diferencias, nos separa no nos une. En un pa\u00eds de gente dividida y rencorosa nos divide todav\u00eda m\u00e1s. Pero tambi\u00e9n, el uso de usted puede implicar cari\u00f1o entre parejas (pero ese no es uso del d\u00eda a d\u00eda). Qu\u00e9 tristeza, Lqqd: pueblo violento, rencoroso, arribista, r\u00e1pido para juzgar mal, de instant\u00e1neo menosprecio al vecino, sin CONFIANZA y CARIDAD en el PR\u00d3JIMO no saldr\u00e1 del subdesarrollo. Lqqd pon\u00edamos en el colegio al final de una prueba matem\u00e1tica: Lo Que Quer\u00edamos Demostrar.&#8221;<\/p>\n<p>www.lodelmomentoloja.com<br \/>\n#LDMnoticias #lodelmomentolojaLDM<\/p>\n","protected":false},"excerpt":{"rendered":"<p>#Quito | El canciller de la Universidad San Francisco de Quito, Santiago Gangoneta ha sido&#8230;<\/p>\n","protected":false},"author":1,"featured_media":5176,"comment_status":"open","ping_status":"open","sticky":false,"template":"","format":"standard","meta":{"footnotes":""},"categories":[7],"tags":[],"class_list":["post-5175","post","type-post","status-publish","format-standard","has-post-thumbnail","hentry","category-ecuador"],"_links":{"self":[{"href":"https:\/\/www.lodelmomentoloja.com\/index.php?rest_route=\/wp\/v2\/posts\/5175"}],"collection":[{"href":"https:\/\/www.lodelmomentoloja.com\/index.php?rest_route=\/wp\/v2\/posts"}],"about":[{"href":"https:\/\/www.lodelmomentoloja.com\/index.php?rest_route=\/wp\/v2\/types\/post"}],"author":[{"embeddable":true,"href":"https:\/\/www.lodelmomentoloja.com\/index.php?rest_route=\/wp\/v2\/users\/1"}],"replies":[{"embeddable":true,"href":"https:\/\/www.lodelmomentoloja.com\/index.php?rest_route=%2Fwp%2Fv2%2Fcomments&post=5175"}],"version-history":[{"count":1,"href":"https:\/\/www.lodelmomentoloja.com\/index.php?rest_route=\/wp\/v2\/posts\/5175\/revisions"}],"predecessor-version":[{"id":5177,"href":"https:\/\/www.lodelmomentoloja.com\/index.php?rest_route=\/wp\/v2\/posts\/5175\/revisions\/5177"}],"wp:featuredmedia":[{"embeddable":true,"href":"https:\/\/www.lodelmomentoloja.com\/index.php?rest_route=\/wp\/v2\/media\/5176"}],"wp:attachment":[{"href":"https:\/\/www.lodelmomentoloja.com\/index.php?rest_route=%2Fwp%2Fv2%2Fmedia&parent=5175"}],"wp:term":[{"taxonomy":"category","embeddable":true,"href":"https:\/\/www.lodelmomentoloja.com\/index.php?rest_route=%2Fwp%2Fv2%2Fcategories&post=5175"},{"taxonomy":"post_tag","embeddable":true,"href":"https:\/\/www.lodelmomentoloja.com\/index.php?rest_route=%2Fwp%2Fv2%2Ftags&post=5175"}],"curies":[{"name":"wp","href":"https:\/\/api.w.org\/{rel}","templated":true}]}}