{"id":5171,"date":"2021-08-26T11:00:05","date_gmt":"2021-08-26T11:00:05","guid":{"rendered":"http:\/\/www.lodelmomentoloja.com\/?p=5171"},"modified":"2021-08-26T17:28:21","modified_gmt":"2021-08-26T17:28:21","slug":"incentivan-el-cultivo-de-arroz-asociado-con-la-cria-de-patos","status":"publish","type":"post","link":"https:\/\/www.lodelmomentoloja.com\/?p=5171","title":{"rendered":"Incentivan el cultivo de arroz asociado con la cr\u00eda de patos"},"content":{"rendered":"<p>En los cantones Macar\u00e1 y Zapotillo la Prefectura de Loja junto al Instituto Nacional de Investigaciones Agropecuarias (INIAP) y el Programa Mundial de Alimentos (WFP) presentaron el proyecto de siembra del cultivo de arroz asociado con la cr\u00eda de patos.<\/p>\n<p>&nbsp;<\/p>\n<p>La viceprefecta, Mar\u00eda Jos\u00e9 Coronel se refiri\u00f3 a la importancia de este proyecto \u201ccomo Prefectura nos hemos propuesto metas muy claras, como el apoyo directo a los productores a trav\u00e9s del asesoramiento continuo, manejo sostenible del suelo, siembra mecanizada, alternativas para la conservaci\u00f3n de forrajes y buenas pr\u00e1cticas agr\u00edcolas\u2026 la incorporaci\u00f3n de la cr\u00eda de patos trae algunos beneficios, desmaleza y act\u00faa como controlador biol\u00f3gico de plagas, mejora la calidad del producto, reduce la contaminaci\u00f3n, fertiliza el suelo y se constituye en una fuente de prote\u00edna as\u00ed como en una fuente importante de ingresos para el productor.<\/p>\n<p>&nbsp;<\/p>\n<p>De su parte Adriana Arboleda, representante del programa Mundial de Alimentos se\u00f1al\u00f3 que este proyecto ya est\u00e1 en ejecuci\u00f3n en otras provincias del Ecuador \u201cel cultivo de este arroz-pato ya se ejecuta en Manab\u00ed, Guayas, Los R\u00edos y El Oro, con parcelas demostrativas donde hemos visto el beneficio y el cambio\u2026 los propios productores se han dado cuenta del ahorro que se genera en costos usando a los patos en sus parcelas\u201d.<\/p>\n<p><img loading=\"lazy\" decoding=\"async\" class=\"alignnone wp-image-5172 size-large\" src=\"http:\/\/www.lodelmomentoloja.com\/wp-content\/uploads\/2021\/08\/ARROZ-PATO-MACARA-1024x768.jpg\" alt=\"\" width=\"640\" height=\"480\" srcset=\"https:\/\/www.lodelmomentoloja.com\/wp-content\/uploads\/2021\/08\/ARROZ-PATO-MACARA-1024x768.jpg 1024w, https:\/\/www.lodelmomentoloja.com\/wp-content\/uploads\/2021\/08\/ARROZ-PATO-MACARA-300x225.jpg 300w, https:\/\/www.lodelmomentoloja.com\/wp-content\/uploads\/2021\/08\/ARROZ-PATO-MACARA-768x576.jpg 768w, https:\/\/www.lodelmomentoloja.com\/wp-content\/uploads\/2021\/08\/ARROZ-PATO-MACARA-640x480.jpg 640w, https:\/\/www.lodelmomentoloja.com\/wp-content\/uploads\/2021\/08\/ARROZ-PATO-MACARA-1536x1152.jpg 1536w, https:\/\/www.lodelmomentoloja.com\/wp-content\/uploads\/2021\/08\/ARROZ-PATO-MACARA.jpg 1600w\" sizes=\"(max-width: 640px) 100vw, 640px\" \/><\/p>\n<p>El propietario de la finca, Luis Carpio, expres\u00f3 su satisfacci\u00f3n por este proyecto y por el beneficio que traer\u00eda a las familias productoras del sector \u201cestamos muy ansiosos de ver los resultados que obtendremos, Macar\u00e1 es una zona arrocera y desde aqu\u00ed se distribuye a todo el pa\u00eds, agradecemos a las entidades por tan importante proyecto\u201d.<\/p>\n<p>&nbsp;<\/p>\n<p>El objetivo es motivar a los productores para que se inclinen por esta nueva t\u00e9cnica de cultivo de arroz, en la parcela, se utilizar\u00e1 el pato de raza Pek\u00edn, ave adecuada para esta actividad ya que es propicia para para la producci\u00f3n de huevos y carne con alto porcentaje nutritivo.<\/p>\n<p>&nbsp;<\/p>\n<p>#LDMnoticias #lodelmomentolojaLDM<\/p>\n","protected":false},"excerpt":{"rendered":"<p>En los cantones Macar\u00e1 y Zapotillo la Prefectura de Loja junto al Instituto Nacional de&#8230;<\/p>\n","protected":false},"author":1,"featured_media":5173,"comment_status":"open","ping_status":"open","sticky":false,"template":"","format":"standard","meta":{"footnotes":""},"categories":[1],"tags":[],"class_list":["post-5171","post","type-post","status-publish","format-standard","has-post-thumbnail","hentry","category-inicio"],"_links":{"self":[{"href":"https:\/\/www.lodelmomentoloja.com\/index.php?rest_route=\/wp\/v2\/posts\/5171"}],"collection":[{"href":"https:\/\/www.lodelmomentoloja.com\/index.php?rest_route=\/wp\/v2\/posts"}],"about":[{"href":"https:\/\/www.lodelmomentoloja.com\/index.php?rest_route=\/wp\/v2\/types\/post"}],"author":[{"embeddable":true,"href":"https:\/\/www.lodelmomentoloja.com\/index.php?rest_route=\/wp\/v2\/users\/1"}],"replies":[{"embeddable":true,"href":"https:\/\/www.lodelmomentoloja.com\/index.php?rest_route=%2Fwp%2Fv2%2Fcomments&post=5171"}],"version-history":[{"count":1,"href":"https:\/\/www.lodelmomentoloja.com\/index.php?rest_route=\/wp\/v2\/posts\/5171\/revisions"}],"predecessor-version":[{"id":5174,"href":"https:\/\/www.lodelmomentoloja.com\/index.php?rest_route=\/wp\/v2\/posts\/5171\/revisions\/5174"}],"wp:featuredmedia":[{"embeddable":true,"href":"https:\/\/www.lodelmomentoloja.com\/index.php?rest_route=\/wp\/v2\/media\/5173"}],"wp:attachment":[{"href":"https:\/\/www.lodelmomentoloja.com\/index.php?rest_route=%2Fwp%2Fv2%2Fmedia&parent=5171"}],"wp:term":[{"taxonomy":"category","embeddable":true,"href":"https:\/\/www.lodelmomentoloja.com\/index.php?rest_route=%2Fwp%2Fv2%2Fcategories&post=5171"},{"taxonomy":"post_tag","embeddable":true,"href":"https:\/\/www.lodelmomentoloja.com\/index.php?rest_route=%2Fwp%2Fv2%2Ftags&post=5171"}],"curies":[{"name":"wp","href":"https:\/\/api.w.org\/{rel}","templated":true}]}}