{"id":5159,"date":"2021-08-26T08:00:33","date_gmt":"2021-08-26T08:00:33","guid":{"rendered":"http:\/\/www.lodelmomentoloja.com\/?p=5159"},"modified":"2021-08-26T14:59:33","modified_gmt":"2021-08-26T14:59:33","slug":"prima-politica-de-asambleista-al-banecuador","status":"publish","type":"post","link":"https:\/\/www.lodelmomentoloja.com\/?p=5159","title":{"rendered":"Prima pol\u00edtica de Asamble\u00edsta al BanEcuador"},"content":{"rendered":"<p>#Loja | Nueva Gerente Provincial de BanEcuador sin experiencia y capacitaci\u00f3n para el cargo.<\/p>\n<p>Camila Samaniego, se encuentra en funciones desde el 24 de agosto del presente como nueva Gerente Provincial de Loja de BanEcuador. Samaniego, es ingeniera comercial de la Universidad Nacional de Loja. Antes, labor\u00f3 en el Consejo Nacional Electoral y en el Ministerio de Educaci\u00f3n.<\/p>\n<p>Su curr\u00edculo fue proporcionado por el equipo de comunicaci\u00f3n nacional de BanEcuador; Camila Samaniego, no posee ninguna experiencia y capacitaci\u00f3n en temas financieros para ejercer el nuevo cargo, pero, si pone como referencia personal al actual Asamble\u00edsta de la Provincia de Loja, Byron Maldonado.<\/p>\n<p><img loading=\"lazy\" decoding=\"async\" class=\"alignnone wp-image-5163 \" src=\"http:\/\/www.lodelmomentoloja.com\/wp-content\/uploads\/2021\/08\/sdfgh-1024x878.jpg\" alt=\"\" width=\"387\" height=\"331\" srcset=\"https:\/\/www.lodelmomentoloja.com\/wp-content\/uploads\/2021\/08\/sdfgh-1024x878.jpg 1024w, https:\/\/www.lodelmomentoloja.com\/wp-content\/uploads\/2021\/08\/sdfgh-300x257.jpg 300w, https:\/\/www.lodelmomentoloja.com\/wp-content\/uploads\/2021\/08\/sdfgh-768x658.jpg 768w, https:\/\/www.lodelmomentoloja.com\/wp-content\/uploads\/2021\/08\/sdfgh-640x549.jpg 640w, https:\/\/www.lodelmomentoloja.com\/wp-content\/uploads\/2021\/08\/sdfgh.jpg 1080w\" sizes=\"(max-width: 387px) 100vw, 387px\" \/> <img loading=\"lazy\" decoding=\"async\" class=\"alignnone wp-image-5162 \" src=\"http:\/\/www.lodelmomentoloja.com\/wp-content\/uploads\/2021\/08\/sdcfv.jpg\" alt=\"\" width=\"368\" height=\"336\" srcset=\"https:\/\/www.lodelmomentoloja.com\/wp-content\/uploads\/2021\/08\/sdcfv.jpg 1200w, https:\/\/www.lodelmomentoloja.com\/wp-content\/uploads\/2021\/08\/sdcfv-300x274.jpg 300w, https:\/\/www.lodelmomentoloja.com\/wp-content\/uploads\/2021\/08\/sdcfv-1024x934.jpg 1024w, https:\/\/www.lodelmomentoloja.com\/wp-content\/uploads\/2021\/08\/sdcfv-768x700.jpg 768w, https:\/\/www.lodelmomentoloja.com\/wp-content\/uploads\/2021\/08\/sdcfv-640x583.jpg 640w\" sizes=\"(max-width: 368px) 100vw, 368px\" \/><\/p>\n<p>&nbsp;<\/p>\n<p>Este medio se comunic\u00f3 con el asamble\u00edsta de CREO, Byron Maldonado y le consultamos \u00bfCu\u00e1l ser\u00eda su v\u00ednculo familiar con la nueva funcionaria? confirmando que es prima de su esposa y que no tiene nada que ver con la designaci\u00f3n de la nueva funcionaria.<\/p>\n<p>Por otro lado, en los grupos de chats de WhatsApp de la militancia de CREO en Loja, donde el asamble\u00edsta es miembro activo; la militancia ha rechazado la designaci\u00f3n de la familiar del legislador, debido a que muchos militantes no han sido tomados en cuenta en el nuevo gobierno del \u201cEncuentro\u201d. Maldonado, se justifica aduciendo que \u201cno debemos esperar a ser empleados de un gobierno, m\u00e1s bien generar empleo, ser emprendedores, Loja carece de industrias y en su mayor\u00eda hemos vivido en la burocracia\u201d, concluy\u00f3 en un mensaje de respuesta a los militantes de CREO Loja. As\u00ed mismo, ha sido criticado por los suyos porque el equipo de asesores que lo acompa\u00f1an en la Asamblea Nacional, ninguno pertenece al Movimiento CREO.<\/p>\n<p>&nbsp;<\/p>\n<h4>CHAT de diferentes grupos de apoyo a CREO Loja.<\/h4>\n<p>Imagen Izquierda: Asamble\u00edsta habla sobre las gestiones de la dirigencia de CREO.<\/p>\n<p>Imagen derecha: Ciudadanos que apoyan al partido, le reclaman por sus colaboradores.<\/p>\n<p><img loading=\"lazy\" decoding=\"async\" class=\"alignnone wp-image-5160 \" src=\"http:\/\/www.lodelmomentoloja.com\/wp-content\/uploads\/2021\/08\/dfgvb-585x1024.jpg\" alt=\"\" width=\"298\" height=\"521\" srcset=\"https:\/\/www.lodelmomentoloja.com\/wp-content\/uploads\/2021\/08\/dfgvb-585x1024.jpg 585w, https:\/\/www.lodelmomentoloja.com\/wp-content\/uploads\/2021\/08\/dfgvb-171x300.jpg 171w, https:\/\/www.lodelmomentoloja.com\/wp-content\/uploads\/2021\/08\/dfgvb-640x1121.jpg 640w, https:\/\/www.lodelmomentoloja.com\/wp-content\/uploads\/2021\/08\/dfgvb.jpg 733w\" sizes=\"(max-width: 298px) 100vw, 298px\" \/>\u00a0 \u00a0 <img loading=\"lazy\" decoding=\"async\" class=\"alignnone wp-image-5161 \" src=\"http:\/\/www.lodelmomentoloja.com\/wp-content\/uploads\/2021\/08\/edfgbn.jpg\" alt=\"\" width=\"405\" height=\"501\" srcset=\"https:\/\/www.lodelmomentoloja.com\/wp-content\/uploads\/2021\/08\/edfgbn.jpg 733w, https:\/\/www.lodelmomentoloja.com\/wp-content\/uploads\/2021\/08\/edfgbn-242x300.jpg 242w, https:\/\/www.lodelmomentoloja.com\/wp-content\/uploads\/2021\/08\/edfgbn-640x792.jpg 640w\" sizes=\"(max-width: 405px) 100vw, 405px\" \/><\/p>\n<h4>LA VERSI\u00d3N DEL ASAMBLE\u00cdSTA EN MEDIOS.<\/h4>\n<div style=\"width: 640px;\" class=\"wp-video\"><!--[if lt IE 9]><script>document.createElement('video');<\/script><![endif]-->\n<video class=\"wp-video-shortcode\" id=\"video-5159-1\" width=\"640\" height=\"352\" preload=\"metadata\" controls=\"controls\"><source type=\"video\/mp4\" src=\"http:\/\/www.lodelmomentoloja.com\/wp-content\/uploads\/2021\/08\/WhatsApp-Video-2021-08-26-at-09.58.00.mp4?_=1\" \/><a href=\"http:\/\/www.lodelmomentoloja.com\/wp-content\/uploads\/2021\/08\/WhatsApp-Video-2021-08-26-at-09.58.00.mp4\">http:\/\/www.lodelmomentoloja.com\/wp-content\/uploads\/2021\/08\/WhatsApp-Video-2021-08-26-at-09.58.00.mp4<\/a><\/video><\/div>\n<p>Fuente: Visi\u00f3n Estelar &#8211; Radio Bakana.<\/p>\n<p>#LDMnoticias #lodelmomentolojaLDM<\/p>\n","protected":false},"excerpt":{"rendered":"<p>#Loja | Nueva Gerente Provincial de BanEcuador sin experiencia y capacitaci\u00f3n para el cargo. Camila&#8230;<\/p>\n","protected":false},"author":1,"featured_media":5164,"comment_status":"open","ping_status":"open","sticky":false,"template":"","format":"standard","meta":{"footnotes":""},"categories":[7,1,5],"tags":[],"class_list":["post-5159","post","type-post","status-publish","format-standard","has-post-thumbnail","hentry","category-ecuador","category-inicio","category-loja"],"_links":{"self":[{"href":"https:\/\/www.lodelmomentoloja.com\/index.php?rest_route=\/wp\/v2\/posts\/5159"}],"collection":[{"href":"https:\/\/www.lodelmomentoloja.com\/index.php?rest_route=\/wp\/v2\/posts"}],"about":[{"href":"https:\/\/www.lodelmomentoloja.com\/index.php?rest_route=\/wp\/v2\/types\/post"}],"author":[{"embeddable":true,"href":"https:\/\/www.lodelmomentoloja.com\/index.php?rest_route=\/wp\/v2\/users\/1"}],"replies":[{"embeddable":true,"href":"https:\/\/www.lodelmomentoloja.com\/index.php?rest_route=%2Fwp%2Fv2%2Fcomments&post=5159"}],"version-history":[{"count":3,"href":"https:\/\/www.lodelmomentoloja.com\/index.php?rest_route=\/wp\/v2\/posts\/5159\/revisions"}],"predecessor-version":[{"id":5168,"href":"https:\/\/www.lodelmomentoloja.com\/index.php?rest_route=\/wp\/v2\/posts\/5159\/revisions\/5168"}],"wp:featuredmedia":[{"embeddable":true,"href":"https:\/\/www.lodelmomentoloja.com\/index.php?rest_route=\/wp\/v2\/media\/5164"}],"wp:attachment":[{"href":"https:\/\/www.lodelmomentoloja.com\/index.php?rest_route=%2Fwp%2Fv2%2Fmedia&parent=5159"}],"wp:term":[{"taxonomy":"category","embeddable":true,"href":"https:\/\/www.lodelmomentoloja.com\/index.php?rest_route=%2Fwp%2Fv2%2Fcategories&post=5159"},{"taxonomy":"post_tag","embeddable":true,"href":"https:\/\/www.lodelmomentoloja.com\/index.php?rest_route=%2Fwp%2Fv2%2Ftags&post=5159"}],"curies":[{"name":"wp","href":"https:\/\/api.w.org\/{rel}","templated":true}]}}