{"id":5156,"date":"2021-08-25T16:25:52","date_gmt":"2021-08-25T16:25:52","guid":{"rendered":"http:\/\/www.lodelmomentoloja.com\/?p=5156"},"modified":"2021-08-25T22:26:49","modified_gmt":"2021-08-25T22:26:49","slug":"habra-publico-en-el-encuentro-ecuador-vs-paraguay","status":"publish","type":"post","link":"https:\/\/www.lodelmomentoloja.com\/?p=5156","title":{"rendered":"Habr\u00e1 p\u00fablico en el encuentro Ecuador vs Paraguay"},"content":{"rendered":"<p>#Ecuador | Ecuador tendr\u00e1 hinchas en las gradas del Rodrigo Paz.<\/p>\n<p>La selecci\u00f3n ecuatoriana contar\u00e1 con el apoyo de su p\u00fablico en las gradas del estadio Rodrigo Paz, este 2 septiembre de 2021, cuando se realice su juego de eliminatorias mundialistas, ante Paraguay. As\u00ed lo decidi\u00f3 el Comit\u00e9 de Operaciones de Emergencia (COE) Nacional.<\/p>\n<p>El organismo nacional se reuni\u00f3 a las 14:00 de este 25 de agosto de 2021, y aprob\u00f3 parcialmente el pedido que realiz\u00f3 la Federaci\u00f3n Ecuatoriana de F\u00fatbol, d\u00edas atr\u00e1s, que buscaba que el escenario capitalino cuente con el 35% de su aforo (14 180 personas). El COE aprob\u00f3 el 30%.<\/p>\n<p>Juan Zapata, miembro del COE, destac\u00f3 el protocolo de bioseguridad propuesto por la FEF, para el regreso del p\u00fablico a un escenario deportivo, tema que se suspendi\u00f3 en marzo del 2020, a causa del covid-19.<\/p>\n<p>Fuente: El Comercio.<\/p>\n<p>www.lodelmomentoloja.com<br \/>\n#LDMnoticias #lodelmomentolojaLDM<\/p>\n","protected":false},"excerpt":{"rendered":"<p>#Ecuador | Ecuador tendr\u00e1 hinchas en las gradas del Rodrigo Paz. La selecci\u00f3n ecuatoriana contar\u00e1&#8230;<\/p>\n","protected":false},"author":1,"featured_media":5157,"comment_status":"open","ping_status":"open","sticky":false,"template":"","format":"standard","meta":{"footnotes":""},"categories":[7],"tags":[],"class_list":["post-5156","post","type-post","status-publish","format-standard","has-post-thumbnail","hentry","category-ecuador"],"_links":{"self":[{"href":"https:\/\/www.lodelmomentoloja.com\/index.php?rest_route=\/wp\/v2\/posts\/5156"}],"collection":[{"href":"https:\/\/www.lodelmomentoloja.com\/index.php?rest_route=\/wp\/v2\/posts"}],"about":[{"href":"https:\/\/www.lodelmomentoloja.com\/index.php?rest_route=\/wp\/v2\/types\/post"}],"author":[{"embeddable":true,"href":"https:\/\/www.lodelmomentoloja.com\/index.php?rest_route=\/wp\/v2\/users\/1"}],"replies":[{"embeddable":true,"href":"https:\/\/www.lodelmomentoloja.com\/index.php?rest_route=%2Fwp%2Fv2%2Fcomments&post=5156"}],"version-history":[{"count":1,"href":"https:\/\/www.lodelmomentoloja.com\/index.php?rest_route=\/wp\/v2\/posts\/5156\/revisions"}],"predecessor-version":[{"id":5158,"href":"https:\/\/www.lodelmomentoloja.com\/index.php?rest_route=\/wp\/v2\/posts\/5156\/revisions\/5158"}],"wp:featuredmedia":[{"embeddable":true,"href":"https:\/\/www.lodelmomentoloja.com\/index.php?rest_route=\/wp\/v2\/media\/5157"}],"wp:attachment":[{"href":"https:\/\/www.lodelmomentoloja.com\/index.php?rest_route=%2Fwp%2Fv2%2Fmedia&parent=5156"}],"wp:term":[{"taxonomy":"category","embeddable":true,"href":"https:\/\/www.lodelmomentoloja.com\/index.php?rest_route=%2Fwp%2Fv2%2Fcategories&post=5156"},{"taxonomy":"post_tag","embeddable":true,"href":"https:\/\/www.lodelmomentoloja.com\/index.php?rest_route=%2Fwp%2Fv2%2Ftags&post=5156"}],"curies":[{"name":"wp","href":"https:\/\/api.w.org\/{rel}","templated":true}]}}