{"id":5144,"date":"2021-08-25T10:53:14","date_gmt":"2021-08-25T10:53:14","guid":{"rendered":"http:\/\/www.lodelmomentoloja.com\/?p=5144"},"modified":"2021-08-25T15:54:31","modified_gmt":"2021-08-25T15:54:31","slug":"firmaran-contrato-para-construccion-de-via-a-chuquiribamba","status":"publish","type":"post","link":"https:\/\/www.lodelmomentoloja.com\/?p=5144","title":{"rendered":"Firmar\u00e1n contrato para construcci\u00f3n de V\u00eda a Chuquiribamba."},"content":{"rendered":"<p>#Loja | Ministro de Transporte llegar\u00e1 a Loja para la firma de contrato de la v\u00eda Chuquiribamba<\/p>\n<p>Este 31 de agosto del presente el Ministro de Transporte y Obras P\u00fablicas, Marcelo Cabrera y Fabi\u00e1n Carrillo, Gerente General del Banco de Desarrollo, visitan el cant\u00f3n Loja. Con el fin de asistir a la firma de contrato de asfaltado de la v\u00eda Villonaco, Taquil, Chantaco, Chuquibamba. As\u00ed lo anunci\u00f3 Rafael D\u00e1vila, Prefecto de Loja.<\/p>\n<p>En principio, en el a\u00f1o 2018 la v\u00eda de 15 kil\u00f3metros Villonaco-Taquil estuvo adjudicado a la empresa espa\u00f1ola Diez y Diez, la cual habr\u00eda incumplido por lo que la Prefectura de Loja dio por terminado el contrato. Por ello, el asfaltado de la v\u00eda no fue concluido, los usuarios de esta v\u00eda han venido exigiendo al gobierno provincial la prioridad de asfaltado de esta v\u00eda en su totalidad.<\/p>\n<p>El Prefecto Rafael D\u00e1vila, anuncio la firma de asfaltado de la v\u00eda Villonato, Taquil, Chantaco y Chuquiribamba que comprende 29 kil\u00f3metros. El contrato de la v\u00eda esta a cargo de la constructora COVIPAL por el monto de 12\u00b4400.00 d\u00f3lares.<\/p>\n<p>Dato adicional: el pasado 26 de marzo del presente, el gerente de la empresa espa\u00f1ola Diez y Diez Manuel Diez, que tuvo adjudicada el contrato de la v\u00eda Villonaco Taquil, denuncio supuestas coimas en contra del jur\u00eddico de la Prefectura de Loja, tras la adjudicaci\u00f3n de este contrato. No obstante, John Mora, jur\u00eddico del gobierno Provincial neg\u00f3 toda acusaci\u00f3n en su contra.<\/p>\n<p>#LDMnoticias #LodelmomentolojaLDM<\/p>\n","protected":false},"excerpt":{"rendered":"<p>#Loja | Ministro de Transporte llegar\u00e1 a Loja para la firma de contrato de la&#8230;<\/p>\n","protected":false},"author":1,"featured_media":5145,"comment_status":"open","ping_status":"open","sticky":false,"template":"","format":"standard","meta":{"footnotes":""},"categories":[5],"tags":[],"class_list":["post-5144","post","type-post","status-publish","format-standard","has-post-thumbnail","hentry","category-loja"],"_links":{"self":[{"href":"https:\/\/www.lodelmomentoloja.com\/index.php?rest_route=\/wp\/v2\/posts\/5144"}],"collection":[{"href":"https:\/\/www.lodelmomentoloja.com\/index.php?rest_route=\/wp\/v2\/posts"}],"about":[{"href":"https:\/\/www.lodelmomentoloja.com\/index.php?rest_route=\/wp\/v2\/types\/post"}],"author":[{"embeddable":true,"href":"https:\/\/www.lodelmomentoloja.com\/index.php?rest_route=\/wp\/v2\/users\/1"}],"replies":[{"embeddable":true,"href":"https:\/\/www.lodelmomentoloja.com\/index.php?rest_route=%2Fwp%2Fv2%2Fcomments&post=5144"}],"version-history":[{"count":1,"href":"https:\/\/www.lodelmomentoloja.com\/index.php?rest_route=\/wp\/v2\/posts\/5144\/revisions"}],"predecessor-version":[{"id":5146,"href":"https:\/\/www.lodelmomentoloja.com\/index.php?rest_route=\/wp\/v2\/posts\/5144\/revisions\/5146"}],"wp:featuredmedia":[{"embeddable":true,"href":"https:\/\/www.lodelmomentoloja.com\/index.php?rest_route=\/wp\/v2\/media\/5145"}],"wp:attachment":[{"href":"https:\/\/www.lodelmomentoloja.com\/index.php?rest_route=%2Fwp%2Fv2%2Fmedia&parent=5144"}],"wp:term":[{"taxonomy":"category","embeddable":true,"href":"https:\/\/www.lodelmomentoloja.com\/index.php?rest_route=%2Fwp%2Fv2%2Fcategories&post=5144"},{"taxonomy":"post_tag","embeddable":true,"href":"https:\/\/www.lodelmomentoloja.com\/index.php?rest_route=%2Fwp%2Fv2%2Ftags&post=5144"}],"curies":[{"name":"wp","href":"https:\/\/api.w.org\/{rel}","templated":true}]}}