{"id":5103,"date":"2021-08-19T15:00:55","date_gmt":"2021-08-19T15:00:55","guid":{"rendered":"http:\/\/www.lodelmomentoloja.com\/?p=5103"},"modified":"2021-08-19T19:41:22","modified_gmt":"2021-08-19T19:41:22","slug":"defensoria-del-pueblo-emite-medidas-de-cumplimiento-obligatorio-e-inmediato-contra-comentarios-misoginos-de-andres-pelaccini","status":"publish","type":"post","link":"https:\/\/www.lodelmomentoloja.com\/?p=5103","title":{"rendered":"DEFENSOR\u00cdA DEL PUEBLO EMITE MEDIDAS DE CUMPLIMIENTO OBLIGATORIO E INMEDIATO CONTRA COMENTARIOS MIS\u00d3GINOS DE ANDR\u00c9S PELACCINI"},"content":{"rendered":"<p>#Ecuador | Defensor\u00eda del Pueblo emite medidas contra Andr\u00e9s Pelaccini.<\/p>\n<p>La Defensora del Pueblo (s), Zaida Rovira Jurado, en cumplimiento a las atribuciones establecidas en el art\u00edculo 215 numeral 2 de la Constituci\u00f3n de la Rep\u00fablica de Ecuador y el art\u00edculo 6 literal b) de la Ley Org\u00e1nica de la Defensor\u00eda del Pueblo, emiti\u00f3 medidas de cumplimiento obligatorio e inmediato contra Andr\u00e9s Pelaccini para que, en el t\u00e9rmino de dos d\u00edas, emita sus \u201cdisculpas p\u00fablicas\u201d -en el mismo espacio y horario de su programa radial- a la ciudadan\u00eda en general y, en especial, a las mujeres feministas y defensoras de derechos humanos, por sus expresiones sexistas, discriminatorias, segregacionistas y que exaltan la violencia contra las mujeres.<\/p>\n<p>El 17 de agosto de 2021, en su programa radial \u201cMucho que Contar\u201d por radio \u201cDiblu\u201d de Guayaquil, el mencionado comentarista, en el contexto de la situaci\u00f3n pol\u00edtica y social que atraviesa Afganist\u00e1n, expres\u00f3: \u201clas invito a todas las feministas, vayan a trabajar a Afganist\u00e1n\u201d. Frente a la frase \u201cte cogen y te entran a metralla por all\u00e1\u201d, expresada por otra persona en ese programa, el se\u00f1or Pelaccini se\u00f1ala: \u201cpor qu\u00e9 crees que les estoy mandando a toditas all\u00e1 [\u2026] pa\u00f1uelos verdes [\u2026] tatatatatatata[\u2026\u2026 simulando arma de fuego] as\u00ed ser\u00eda (sic)\u201d, expresiones que para la Instituci\u00f3n Nacional de Derechos Humanos contraviene la lucha de las mujeres en Ecuador y el mundo, y vulnera su condici\u00f3n y dignidad.<\/p>\n<p>En este contexto, la asamble\u00edsta Johanna Moreira, remiti\u00f3 un oficio a la Defensor\u00eda del Pueblo, donde se\u00f1ala que Andr\u00e9s Pelaccini, en ese mismo espacio, tambi\u00e9n hace una burda referencia a la canci\u00f3n \u00abun violador en tu camino\u00bb, donde menosprecia las marchas de exigibilidad de derechos y hace \u00abchistes\u00bb como: \u00aby t\u00fa te quejas porque te piropean en las calles\u00bb, subrayando que, durante su alocuci\u00f3n, hace referencia a que las mujeres son las culpables de que sean violentadas sexualmente por su forma de vestir y los lugares que frecuentan.<\/p>\n<p>Por ello, adem\u00e1s de las disculpas p\u00fablicas que debe emitir Andr\u00e9s Pelaccini, se solicit\u00f3 a las personas responsables de radio Diblu y del programa radial \u201cMucho que contar\u201d que, en el t\u00e9rmino de cuatro d\u00edas, organicen un programa -en el mismo horario- para abordar el tema de la violencia y la discriminaci\u00f3n de g\u00e9nero, invitando a mujeres, feministas y defensoras de derechos humanos, con la finalidad de contrastar la informaci\u00f3n sesgada y violenta que emiti\u00f3 Pelaccini hacia las mujeres; y, que las personas responsables del programa, Andr\u00e9s Pelaccini, y quienes participaron en la emisi\u00f3n del mismo, asistan al proceso de sensibilizaci\u00f3n de derechos humanos, con \u00e9nfasis en enfoque de g\u00e9nero, que ser\u00e1 organizado por la Defensor\u00eda del Pueblo, en coordinaci\u00f3n con el medio de comunicaci\u00f3n en menci\u00f3n.<\/p>\n<p>La Directora Nacional del Mecanismo para la Prevenci\u00f3n de la Violencia Contra la Mujer y Basada en G\u00e9nero de la Defensor\u00eda del Pueblo, dar\u00e1 a conocer esta medida de cumplimiento obligatorio a la Fiscal\u00eda General del Estado, para los efectos que la ley establece.<\/p>\n<p>Con la emisi\u00f3n de este tipo de medidas defensoriales, la Instituci\u00f3n Nacional de Derechos Humanos cumple uno de sus principales ejes de acci\u00f3n estrat\u00e9gica: la erradicaci\u00f3n de la violencia de g\u00e9nero y contra las mujeres, a fin de alcanzar una sociedad sensibilizada, capacitada y protectora de los derechos que nos asisten como seres humanos en igualdad de condiciones, a todos y todas en Ecuador.<\/p>\n","protected":false},"excerpt":{"rendered":"<p>#Ecuador | Defensor\u00eda del Pueblo emite medidas contra Andr\u00e9s Pelaccini. La Defensora del Pueblo (s),&#8230;<\/p>\n","protected":false},"author":1,"featured_media":5104,"comment_status":"open","ping_status":"open","sticky":false,"template":"","format":"standard","meta":{"footnotes":""},"categories":[7],"tags":[],"class_list":["post-5103","post","type-post","status-publish","format-standard","has-post-thumbnail","hentry","category-ecuador"],"_links":{"self":[{"href":"https:\/\/www.lodelmomentoloja.com\/index.php?rest_route=\/wp\/v2\/posts\/5103"}],"collection":[{"href":"https:\/\/www.lodelmomentoloja.com\/index.php?rest_route=\/wp\/v2\/posts"}],"about":[{"href":"https:\/\/www.lodelmomentoloja.com\/index.php?rest_route=\/wp\/v2\/types\/post"}],"author":[{"embeddable":true,"href":"https:\/\/www.lodelmomentoloja.com\/index.php?rest_route=\/wp\/v2\/users\/1"}],"replies":[{"embeddable":true,"href":"https:\/\/www.lodelmomentoloja.com\/index.php?rest_route=%2Fwp%2Fv2%2Fcomments&post=5103"}],"version-history":[{"count":1,"href":"https:\/\/www.lodelmomentoloja.com\/index.php?rest_route=\/wp\/v2\/posts\/5103\/revisions"}],"predecessor-version":[{"id":5105,"href":"https:\/\/www.lodelmomentoloja.com\/index.php?rest_route=\/wp\/v2\/posts\/5103\/revisions\/5105"}],"wp:featuredmedia":[{"embeddable":true,"href":"https:\/\/www.lodelmomentoloja.com\/index.php?rest_route=\/wp\/v2\/media\/5104"}],"wp:attachment":[{"href":"https:\/\/www.lodelmomentoloja.com\/index.php?rest_route=%2Fwp%2Fv2%2Fmedia&parent=5103"}],"wp:term":[{"taxonomy":"category","embeddable":true,"href":"https:\/\/www.lodelmomentoloja.com\/index.php?rest_route=%2Fwp%2Fv2%2Fcategories&post=5103"},{"taxonomy":"post_tag","embeddable":true,"href":"https:\/\/www.lodelmomentoloja.com\/index.php?rest_route=%2Fwp%2Fv2%2Ftags&post=5103"}],"curies":[{"name":"wp","href":"https:\/\/api.w.org\/{rel}","templated":true}]}}