{"id":5088,"date":"2021-08-18T17:37:01","date_gmt":"2021-08-18T17:37:01","guid":{"rendered":"http:\/\/www.lodelmomentoloja.com\/?p=5088"},"modified":"2021-08-18T22:41:17","modified_gmt":"2021-08-18T22:41:17","slug":"lojano-en-el-mundial-de-atletismo-para-sordos","status":"publish","type":"post","link":"https:\/\/www.lodelmomentoloja.com\/?p=5088","title":{"rendered":"Lojano en el mundial de atletismo para sordos."},"content":{"rendered":"<p>#Loja | El lojano Isaac C\u00f3rdova en Mundial de Atletismo para Sordos en Polonia.<\/p>\n<p>La delegaci\u00f3n ecuatoriana que se encuentra conformada por seis deportistas entre los que se encuentra el coterr\u00e1neo Isaac C\u00f3rdova de Loja.<\/p>\n<p>Los representantes ecuatorianos participar\u00e1n en el IV campeonato del mundo de atletismo para sordos que se disputar\u00e1 en Lublin, Polonia, del 23 al 28 de agosto del presente a\u00f1o con la asistencia t\u00e9cnica de Luc\u00ed Jaramillo y Pabel Benet como entrenadores; Jairo Cuvero, Delegado T\u00e9cnico; Lu\u00eds Salazar, Delegado Sordo y Mar\u00eda Cajamarca, Fisioterapeuta.<\/p>\n<p>Isaac que ha venido prepar\u00e1ndose de manera interrumpida bajo la direcci\u00f3n t\u00e9cnica\u00a0 Lic. Julio Barrionuevo, entrenador de atletismo de la Liga Deportiva Cantonal de Catamayo, particip\u00f3 en el selectivo nacional \u201cEcuador 2021\u201d, efectuado en la ciudad de Guayaquil\u00a0 del 02 al 04 de julio, logrando el\u00a0 boleto de ida\u00a0 para este evento internacional\u00a0 de alto nivel t\u00e9cnico que agrupa a los mejores atletas del mundo.<\/p>\n<p>De acuerdo a las declaraciones de su entrenador, el atleta lojano oriundo del cant\u00f3n Catamayo, estuvo concentrado en la ciudad de Guayaquil por el espacio de 15 d\u00edas\u00a0 para afianzar su preparaci\u00f3n t\u00e9cnica en conjunto con la selecci\u00f3n del Ecuador; su salida est\u00e1 prevista el jueves 19 de agosto a las 06h40\u00a0 en la ruta de Guayaquil-Holanda-Varsovia para arribar a Lublin-Polonia\u00a0 el 20 de agosto de 17h00 a 18h00 y su retorno a nuestro pa\u00eds el 30 de agosto.<\/p>\n<p>www.lodelmomentoloja.com<br \/>\n#LDMnoticias #lodelmomentolojaLDM<\/p>\n","protected":false},"excerpt":{"rendered":"<p>#Loja | El lojano Isaac C\u00f3rdova en Mundial de Atletismo para Sordos en Polonia. La&#8230;<\/p>\n","protected":false},"author":1,"featured_media":5089,"comment_status":"open","ping_status":"open","sticky":false,"template":"","format":"standard","meta":{"footnotes":""},"categories":[4],"tags":[],"class_list":["post-5088","post","type-post","status-publish","format-standard","has-post-thumbnail","hentry","category-internacional"],"_links":{"self":[{"href":"https:\/\/www.lodelmomentoloja.com\/index.php?rest_route=\/wp\/v2\/posts\/5088"}],"collection":[{"href":"https:\/\/www.lodelmomentoloja.com\/index.php?rest_route=\/wp\/v2\/posts"}],"about":[{"href":"https:\/\/www.lodelmomentoloja.com\/index.php?rest_route=\/wp\/v2\/types\/post"}],"author":[{"embeddable":true,"href":"https:\/\/www.lodelmomentoloja.com\/index.php?rest_route=\/wp\/v2\/users\/1"}],"replies":[{"embeddable":true,"href":"https:\/\/www.lodelmomentoloja.com\/index.php?rest_route=%2Fwp%2Fv2%2Fcomments&post=5088"}],"version-history":[{"count":2,"href":"https:\/\/www.lodelmomentoloja.com\/index.php?rest_route=\/wp\/v2\/posts\/5088\/revisions"}],"predecessor-version":[{"id":5091,"href":"https:\/\/www.lodelmomentoloja.com\/index.php?rest_route=\/wp\/v2\/posts\/5088\/revisions\/5091"}],"wp:featuredmedia":[{"embeddable":true,"href":"https:\/\/www.lodelmomentoloja.com\/index.php?rest_route=\/wp\/v2\/media\/5089"}],"wp:attachment":[{"href":"https:\/\/www.lodelmomentoloja.com\/index.php?rest_route=%2Fwp%2Fv2%2Fmedia&parent=5088"}],"wp:term":[{"taxonomy":"category","embeddable":true,"href":"https:\/\/www.lodelmomentoloja.com\/index.php?rest_route=%2Fwp%2Fv2%2Fcategories&post=5088"},{"taxonomy":"post_tag","embeddable":true,"href":"https:\/\/www.lodelmomentoloja.com\/index.php?rest_route=%2Fwp%2Fv2%2Ftags&post=5088"}],"curies":[{"name":"wp","href":"https:\/\/api.w.org\/{rel}","templated":true}]}}