{"id":5047,"date":"2021-08-16T08:00:22","date_gmt":"2021-08-16T08:00:22","guid":{"rendered":"http:\/\/www.lodelmomentoloja.com\/?p=5047"},"modified":"2021-08-16T14:54:28","modified_gmt":"2021-08-16T14:54:28","slug":"obrassanpedrovilcabamba","status":"publish","type":"post","link":"https:\/\/www.lodelmomentoloja.com\/?p=5047","title":{"rendered":"Entregan obras en San Pedro de Vilcabamba"},"content":{"rendered":"<p>Con un programa especial que se desarroll\u00f3 en el Parque Central de San Pedro de Vilcabamba,\u00a0 el Municipio de Loja entreg\u00f3 las obras de adoquinado y restauraci\u00f3n de la fachada de la iglesia del lugar. Este acto se llev\u00f3 a cabo el s\u00e1bado 14 de agosto con la presencia del alcalde, concejales y miembros del Gobierno Parroquial.<\/p>\n<p><img loading=\"lazy\" decoding=\"async\" class=\"alignnone wp-image-5048 size-large\" src=\"http:\/\/www.lodelmomentoloja.com\/wp-content\/uploads\/2021\/08\/1-2-1024x656.jpg\" alt=\"\" width=\"640\" height=\"410\" srcset=\"https:\/\/www.lodelmomentoloja.com\/wp-content\/uploads\/2021\/08\/1-2-1024x656.jpg 1024w, https:\/\/www.lodelmomentoloja.com\/wp-content\/uploads\/2021\/08\/1-2-300x192.jpg 300w, https:\/\/www.lodelmomentoloja.com\/wp-content\/uploads\/2021\/08\/1-2-768x492.jpg 768w, https:\/\/www.lodelmomentoloja.com\/wp-content\/uploads\/2021\/08\/1-2-640x410.jpg 640w, https:\/\/www.lodelmomentoloja.com\/wp-content\/uploads\/2021\/08\/1-2.jpg 1280w\" sizes=\"(max-width: 640px) 100vw, 640px\" \/><\/p>\n<p>Hace tres a\u00f1os esta parroquia no contaba con infraestructura sanitaria acorde a las necesidades de la poblaci\u00f3n y el parque estaba en malas condiciones, situaci\u00f3n que ha cambiado con el trabajo articulado entre las instituciones del Estado como son municipio y gobierno parroquial.<\/p>\n<p>Entre lo que destaca con respecto a la obra, <strong>la iglesia\u00a0 cuenta con nueva fachada y totalmente iluminada, el adoquinado ornamental de la calle principal resalta el conjunto arquitect\u00f3nico de este lugar<\/strong>. El padre Luis Remache, p\u00e1rroco, felicit\u00f3\u00a0 a las autoridades por las trabajos ejecutados, a la vez solicit\u00f3\u00a0 apoyo para el cambio de la cubierta del templo.<\/p>\n<p>&nbsp;<\/p>\n<p>El pedido fue reiterado por <strong>el presidente del Gobierno Parroquial, Jimmy Toledo<\/strong>, quien se comprometi\u00f3 a incluir dentro del presupuesto del siguiente a\u00f1o esta labor y pidi\u00f3\u00a0 la colaboraci\u00f3n de la municipalidad. &#8220;El sue\u00f1o de todos los habitantes es construir una mejor parroquia y eso se va cumpliendo d\u00eda a d\u00eda.\u00a0 Todo lo realizado no es solo obra de las instituciones sino tambi\u00e9n del apoyo de las 365 familias que tiene San Pedro de Vilcabamba&#8221;, precis\u00f3 Toledo.<\/p>\n<p>El Municipio de Loja a pesar de las dificultades econ\u00f3micas apoy\u00f3 las\u00a0 iniciativas de las autoridades parroquiales y por etapas se cristalizaron cada una de las obras que ahora se entregan a la poblaci\u00f3n.<\/p>\n<p>&#8220;Me siento muy orgulloso que este\u00a0 peque\u00f1ito pueblo surja con su trabajo y aportamos como instituci\u00f3n para que se hagan realidad, me eligieron para trabajar por la ciudad y parroquias&#8221;, dijo Jorge Bail\u00f3n, alcalde de Loja.<\/p>\n<p><img loading=\"lazy\" decoding=\"async\" class=\"alignnone wp-image-5049 size-large\" src=\"http:\/\/www.lodelmomentoloja.com\/wp-content\/uploads\/2021\/08\/2-2-1024x656.jpg\" alt=\"\" width=\"640\" height=\"410\" srcset=\"https:\/\/www.lodelmomentoloja.com\/wp-content\/uploads\/2021\/08\/2-2-1024x656.jpg 1024w, https:\/\/www.lodelmomentoloja.com\/wp-content\/uploads\/2021\/08\/2-2-300x192.jpg 300w, https:\/\/www.lodelmomentoloja.com\/wp-content\/uploads\/2021\/08\/2-2-768x492.jpg 768w, https:\/\/www.lodelmomentoloja.com\/wp-content\/uploads\/2021\/08\/2-2-640x410.jpg 640w, https:\/\/www.lodelmomentoloja.com\/wp-content\/uploads\/2021\/08\/2-2.jpg 1280w\" sizes=\"(max-width: 640px) 100vw, 640px\" \/><\/p>\n<p>#LDMnoticias #lodelmomentolojaLDM<\/p>\n","protected":false},"excerpt":{"rendered":"<p>Con un programa especial que se desarroll\u00f3 en el Parque Central de San Pedro de&#8230;<\/p>\n","protected":false},"author":1,"featured_media":5052,"comment_status":"open","ping_status":"open","sticky":false,"template":"","format":"standard","meta":{"footnotes":""},"categories":[1,5],"tags":[],"class_list":["post-5047","post","type-post","status-publish","format-standard","has-post-thumbnail","hentry","category-inicio","category-loja"],"_links":{"self":[{"href":"https:\/\/www.lodelmomentoloja.com\/index.php?rest_route=\/wp\/v2\/posts\/5047"}],"collection":[{"href":"https:\/\/www.lodelmomentoloja.com\/index.php?rest_route=\/wp\/v2\/posts"}],"about":[{"href":"https:\/\/www.lodelmomentoloja.com\/index.php?rest_route=\/wp\/v2\/types\/post"}],"author":[{"embeddable":true,"href":"https:\/\/www.lodelmomentoloja.com\/index.php?rest_route=\/wp\/v2\/users\/1"}],"replies":[{"embeddable":true,"href":"https:\/\/www.lodelmomentoloja.com\/index.php?rest_route=%2Fwp%2Fv2%2Fcomments&post=5047"}],"version-history":[{"count":4,"href":"https:\/\/www.lodelmomentoloja.com\/index.php?rest_route=\/wp\/v2\/posts\/5047\/revisions"}],"predecessor-version":[{"id":5054,"href":"https:\/\/www.lodelmomentoloja.com\/index.php?rest_route=\/wp\/v2\/posts\/5047\/revisions\/5054"}],"wp:featuredmedia":[{"embeddable":true,"href":"https:\/\/www.lodelmomentoloja.com\/index.php?rest_route=\/wp\/v2\/media\/5052"}],"wp:attachment":[{"href":"https:\/\/www.lodelmomentoloja.com\/index.php?rest_route=%2Fwp%2Fv2%2Fmedia&parent=5047"}],"wp:term":[{"taxonomy":"category","embeddable":true,"href":"https:\/\/www.lodelmomentoloja.com\/index.php?rest_route=%2Fwp%2Fv2%2Fcategories&post=5047"},{"taxonomy":"post_tag","embeddable":true,"href":"https:\/\/www.lodelmomentoloja.com\/index.php?rest_route=%2Fwp%2Fv2%2Ftags&post=5047"}],"curies":[{"name":"wp","href":"https:\/\/api.w.org\/{rel}","templated":true}]}}