{"id":5036,"date":"2021-08-11T10:02:26","date_gmt":"2021-08-11T10:02:26","guid":{"rendered":"http:\/\/www.lodelmomentoloja.com\/?p=5036"},"modified":"2021-08-11T16:06:32","modified_gmt":"2021-08-11T16:06:32","slug":"santiago-guarderas-alcalde-de-quito","status":"publish","type":"post","link":"https:\/\/www.lodelmomentoloja.com\/?p=5036","title":{"rendered":"Santiago Guarderas Alcalde de Quito"},"content":{"rendered":"<p>&nbsp;<\/p>\n<p>#UIO | Guarderas vuelve a la alcald\u00eda.<\/p>\n<p>La noche del martes 10 de agosto, el Tribunal Contencioso Electoral (TCE) public\u00f3 una resoluci\u00f3n en la que ratifica la vigencia de la remoci\u00f3n de Jorge Yunda y afirma la posesi\u00f3n de Santiago Guarderas como alcalde de Quito.<\/p>\n<p>Seg\u00fan el numeral 5 del oficio, la absoluci\u00f3n de la consulta se encuentra ejecutoriada y se\u00f1ala que \u201clos hechos subsecuentes que evidencian la posesi\u00f3n del vicealcalde (Santiago Guarderas) en reemplazo de la autoridad removida, demuestran que ha sido ejecutada\u201d.<\/p>\n<p>En el documento, dice que la sentencia del organismo esta ejecutoriada por lo que Jorge Yunda deber\u00eda salir del cabildo quite\u00f1o.<\/p>\n<p>www.lodelmomentoloja.com<br \/>\n#LDMnoticias #lodelmomentolojaLDM<\/p>\n","protected":false},"excerpt":{"rendered":"<p>&nbsp; #UIO | Guarderas vuelve a la alcald\u00eda. La noche del martes 10 de agosto,&#8230;<\/p>\n","protected":false},"author":1,"featured_media":5037,"comment_status":"open","ping_status":"open","sticky":false,"template":"","format":"standard","meta":{"footnotes":""},"categories":[1],"tags":[],"class_list":["post-5036","post","type-post","status-publish","format-standard","has-post-thumbnail","hentry","category-inicio"],"_links":{"self":[{"href":"https:\/\/www.lodelmomentoloja.com\/index.php?rest_route=\/wp\/v2\/posts\/5036"}],"collection":[{"href":"https:\/\/www.lodelmomentoloja.com\/index.php?rest_route=\/wp\/v2\/posts"}],"about":[{"href":"https:\/\/www.lodelmomentoloja.com\/index.php?rest_route=\/wp\/v2\/types\/post"}],"author":[{"embeddable":true,"href":"https:\/\/www.lodelmomentoloja.com\/index.php?rest_route=\/wp\/v2\/users\/1"}],"replies":[{"embeddable":true,"href":"https:\/\/www.lodelmomentoloja.com\/index.php?rest_route=%2Fwp%2Fv2%2Fcomments&post=5036"}],"version-history":[{"count":1,"href":"https:\/\/www.lodelmomentoloja.com\/index.php?rest_route=\/wp\/v2\/posts\/5036\/revisions"}],"predecessor-version":[{"id":5038,"href":"https:\/\/www.lodelmomentoloja.com\/index.php?rest_route=\/wp\/v2\/posts\/5036\/revisions\/5038"}],"wp:featuredmedia":[{"embeddable":true,"href":"https:\/\/www.lodelmomentoloja.com\/index.php?rest_route=\/wp\/v2\/media\/5037"}],"wp:attachment":[{"href":"https:\/\/www.lodelmomentoloja.com\/index.php?rest_route=%2Fwp%2Fv2%2Fmedia&parent=5036"}],"wp:term":[{"taxonomy":"category","embeddable":true,"href":"https:\/\/www.lodelmomentoloja.com\/index.php?rest_route=%2Fwp%2Fv2%2Fcategories&post=5036"},{"taxonomy":"post_tag","embeddable":true,"href":"https:\/\/www.lodelmomentoloja.com\/index.php?rest_route=%2Fwp%2Fv2%2Ftags&post=5036"}],"curies":[{"name":"wp","href":"https:\/\/api.w.org\/{rel}","templated":true}]}}