{"id":5021,"date":"2021-08-10T09:00:54","date_gmt":"2021-08-10T09:00:54","guid":{"rendered":"http:\/\/www.lodelmomentoloja.com\/?p=5021"},"modified":"2021-08-10T17:56:59","modified_gmt":"2021-08-10T17:56:59","slug":"10-de-agosto-de-1809-el-primer-grito-de-independencia","status":"publish","type":"post","link":"https:\/\/www.lodelmomentoloja.com\/?p=5021","title":{"rendered":"10 de agosto de 1809, el primer grito de independencia."},"content":{"rendered":"<p>El 10 de Agosto es una fecha memorable en la historia nacional del Ecuador, fecha que se celebra \u201cPrimer Grito de Independencia\u201d del yugo espa\u00f1ol, protagonizado \u00a0por\u00a0 nuestros patriotas quite\u00f1os en 1809. Desde aquel entonces, 212 a\u00f1os, desde cuando un grupo de intelectuales y pol\u00edticos de la \u00e9poca quebrantaron conceptos que la colonia espa\u00f1ola hab\u00eda sembrado en estas tierras e invocaron por nuevos que giraban alrededor de autonom\u00eda, libertad y soberan\u00eda popular.<\/p>\n<p>El d\u00eda emblema de agosto de 1809 se le comunic\u00f3 al presidente de la Real Audiencia de Quito, Conde Ruiz de Castillo, que le cesaban en\u00a0 sus funciones. Esta resoluci\u00f3n se la tom\u00f3 en un Cabildo Abierto, efectuado en la Sala Capitular del convento de San Agust\u00edn. Pr\u00e1cticamente, este hecho hist\u00f3rico se constituy\u00f3 en el Primer Grito de la Independencia. Este episodio fue preparado la v\u00edspera en la casa de la quite\u00f1a Manuela Ca\u00f1izares, quien lider\u00f3 y conmin\u00f3 a los patriotas a llevar a cabo esta gesta.<\/p>\n<p>Para el historiador ecuatoriano, Jorge N\u00fa\u00f1ez S\u00e1nchez, al referirse a la independencia ecuatoriana, dice: \u201clas ideas del duende Eugenio Espejo, fueron el punto de partida de una nueva concepci\u00f3n de lo que hasta ese entonces se entend\u00eda por patria. Se empieza a entender por patria a Quito, y ya no a Espa\u00f1a. Nace una toma de consciencia sobre lo que ser\u00e1 despu\u00e9s la naci\u00f3n ecuatoriana\u201d.<\/p>\n","protected":false},"excerpt":{"rendered":"<p>El 10 de Agosto es una fecha memorable en la historia nacional del Ecuador, fecha&#8230;<\/p>\n","protected":false},"author":1,"featured_media":5022,"comment_status":"open","ping_status":"open","sticky":false,"template":"","format":"standard","meta":{"footnotes":""},"categories":[7,1],"tags":[],"class_list":["post-5021","post","type-post","status-publish","format-standard","has-post-thumbnail","hentry","category-ecuador","category-inicio"],"_links":{"self":[{"href":"https:\/\/www.lodelmomentoloja.com\/index.php?rest_route=\/wp\/v2\/posts\/5021"}],"collection":[{"href":"https:\/\/www.lodelmomentoloja.com\/index.php?rest_route=\/wp\/v2\/posts"}],"about":[{"href":"https:\/\/www.lodelmomentoloja.com\/index.php?rest_route=\/wp\/v2\/types\/post"}],"author":[{"embeddable":true,"href":"https:\/\/www.lodelmomentoloja.com\/index.php?rest_route=\/wp\/v2\/users\/1"}],"replies":[{"embeddable":true,"href":"https:\/\/www.lodelmomentoloja.com\/index.php?rest_route=%2Fwp%2Fv2%2Fcomments&post=5021"}],"version-history":[{"count":1,"href":"https:\/\/www.lodelmomentoloja.com\/index.php?rest_route=\/wp\/v2\/posts\/5021\/revisions"}],"predecessor-version":[{"id":5023,"href":"https:\/\/www.lodelmomentoloja.com\/index.php?rest_route=\/wp\/v2\/posts\/5021\/revisions\/5023"}],"wp:featuredmedia":[{"embeddable":true,"href":"https:\/\/www.lodelmomentoloja.com\/index.php?rest_route=\/wp\/v2\/media\/5022"}],"wp:attachment":[{"href":"https:\/\/www.lodelmomentoloja.com\/index.php?rest_route=%2Fwp%2Fv2%2Fmedia&parent=5021"}],"wp:term":[{"taxonomy":"category","embeddable":true,"href":"https:\/\/www.lodelmomentoloja.com\/index.php?rest_route=%2Fwp%2Fv2%2Fcategories&post=5021"},{"taxonomy":"post_tag","embeddable":true,"href":"https:\/\/www.lodelmomentoloja.com\/index.php?rest_route=%2Fwp%2Fv2%2Ftags&post=5021"}],"curies":[{"name":"wp","href":"https:\/\/api.w.org\/{rel}","templated":true}]}}