{"id":5011,"date":"2021-08-06T16:20:03","date_gmt":"2021-08-06T16:20:03","guid":{"rendered":"http:\/\/www.lodelmomentoloja.com\/?p=5011"},"modified":"2021-08-06T21:23:08","modified_gmt":"2021-08-06T21:23:08","slug":"regresa-a-vicealcaldia","status":"publish","type":"post","link":"https:\/\/www.lodelmomentoloja.com\/?p=5011","title":{"rendered":"Regresa a Vicealcald\u00eda"},"content":{"rendered":"<p>#Loja | Hoy, viernes 6 de agosto del 2021, desde la Sala Especializada de lo Penal se pronunci\u00f3 a favor sobre el recurso de apelaci\u00f3n de la concejal del cant\u00f3n Paltas Yennifer L\u00f3pez, misma que fue removida de su cargo de vicealcaldesa en una sesi\u00f3n de cabildo del 17 de marzo del presente a\u00f1o.<\/p>\n<p>En la resoluci\u00f3n, pide la funci\u00f3n judicial ha dejado sin efecto lo expuesto por el cabildo, ya que han aplicado una Ordenanza Reformada en forma retroactiva y de forma inmediata, se deber\u00e1 reintegrar a Yennifer L\u00f3pez en sus funciones de Vicealcaldesa del Gobierno Aut\u00f3nomo Descentralizado Municipal del cant\u00f3n Paltas, hasta completar el periodo para el cual fue electo el alcalde, es decir hasta el 2023.<\/p>\n<p>L\u00f3pez se pronunci\u00f3 sobre el resultado y minifest\u00f3 para LDM lo siguiente: &#8220;La \u00e9tica y la equidad son los principios de la Justicia. La igualdad no es una opci\u00f3n, es un derecho. Se ha declarado la vulneraci\u00f3n de mis derechos y se ha dejado sin efecto una cesaci\u00f3n de funciones ilegal e inconstitucional. Defiendo y defender\u00e9 la representatividad de nuestro g\u00e9nero para que se respeto nuestros espacios y se acepte y se reconozca nuestra capacidad.<\/p>\n<p>Patricio Valdivieso, abogado defensor de Yennifer L\u00f3pez, mencion\u00f3: &#8220;Han tomado una decisi\u00f3n en derecho, votando abajo la esa decisi\u00f3n ilegal del alcalde y dos concejales de intentar deshacerse de la vicealcaldesa. Donde hay un alcalde var\u00f3n, debe haber una mujer y eso no quiere entender el autoritarismo machista que en este momento sigue como rezagos existiendo en Paltas&#8221;.<\/p>\n<p>www.lodelmomentoloja.com<br \/>\n#LDMnoticias #lodelmomentolojaLDM<\/p>\n","protected":false},"excerpt":{"rendered":"<p>#Loja | Hoy, viernes 6 de agosto del 2021, desde la Sala Especializada de lo&#8230;<\/p>\n","protected":false},"author":1,"featured_media":5012,"comment_status":"open","ping_status":"open","sticky":false,"template":"","format":"standard","meta":{"footnotes":""},"categories":[1],"tags":[],"class_list":["post-5011","post","type-post","status-publish","format-standard","has-post-thumbnail","hentry","category-inicio"],"_links":{"self":[{"href":"https:\/\/www.lodelmomentoloja.com\/index.php?rest_route=\/wp\/v2\/posts\/5011"}],"collection":[{"href":"https:\/\/www.lodelmomentoloja.com\/index.php?rest_route=\/wp\/v2\/posts"}],"about":[{"href":"https:\/\/www.lodelmomentoloja.com\/index.php?rest_route=\/wp\/v2\/types\/post"}],"author":[{"embeddable":true,"href":"https:\/\/www.lodelmomentoloja.com\/index.php?rest_route=\/wp\/v2\/users\/1"}],"replies":[{"embeddable":true,"href":"https:\/\/www.lodelmomentoloja.com\/index.php?rest_route=%2Fwp%2Fv2%2Fcomments&post=5011"}],"version-history":[{"count":1,"href":"https:\/\/www.lodelmomentoloja.com\/index.php?rest_route=\/wp\/v2\/posts\/5011\/revisions"}],"predecessor-version":[{"id":5013,"href":"https:\/\/www.lodelmomentoloja.com\/index.php?rest_route=\/wp\/v2\/posts\/5011\/revisions\/5013"}],"wp:featuredmedia":[{"embeddable":true,"href":"https:\/\/www.lodelmomentoloja.com\/index.php?rest_route=\/wp\/v2\/media\/5012"}],"wp:attachment":[{"href":"https:\/\/www.lodelmomentoloja.com\/index.php?rest_route=%2Fwp%2Fv2%2Fmedia&parent=5011"}],"wp:term":[{"taxonomy":"category","embeddable":true,"href":"https:\/\/www.lodelmomentoloja.com\/index.php?rest_route=%2Fwp%2Fv2%2Fcategories&post=5011"},{"taxonomy":"post_tag","embeddable":true,"href":"https:\/\/www.lodelmomentoloja.com\/index.php?rest_route=%2Fwp%2Fv2%2Ftags&post=5011"}],"curies":[{"name":"wp","href":"https:\/\/api.w.org\/{rel}","templated":true}]}}