{"id":4990,"date":"2021-08-04T13:05:43","date_gmt":"2021-08-04T13:05:43","guid":{"rendered":"http:\/\/www.lodelmomentoloja.com\/?p=4990"},"modified":"2021-08-04T18:06:56","modified_gmt":"2021-08-04T18:06:56","slug":"sobre-la-eliminacion-del-distrito-de-salud-catamayo","status":"publish","type":"post","link":"https:\/\/www.lodelmomentoloja.com\/?p=4990","title":{"rendered":"Sobre la eliminaci\u00f3n del Distrito de Salud Catamayo"},"content":{"rendered":"<p>#Loja | Asamblea recibe al Comit\u00e9 Pro-Defensa de Salud de Catamayo<\/p>\n<p>Est\u00e1 ma\u00f1ana el colectivo ciudadano Comit\u00e9 Pro-Defensa de la Salud de Catamayo, fue recibido mediante sesi\u00f3n virtual N\u00b0 016 en la Comisi\u00f3n Especializada Permanente del Derecho a la Salud de la Asamblea Nacional, donde dieron a conocer las causas equivocadas del Ministerio de Salud al eliminar el Distrito 11D02 de Salud de Catamayo.<\/p>\n<p>Gabriel Jim\u00e9nez, representante de los trabajadores del Distro de Salud de Catamayo, explic\u00f3 que, el Ministerio de Salud decidi\u00f3 eliminar la entidad con el objetivo de ahorrar presupuesto. Pero, en la pr\u00e1ctica el ahorro no existe ya que el presupuesto se aumentado en vez de disminuir, de acuerdo a los mismos informes t\u00e9cnicos del Ministerio de Salud.<\/p>\n<p>Jim\u00e9nez, tambi\u00e9n mencion\u00f3 que, el Distrito de Salud 11D02 obedece algunas normas jur\u00eddicas para que su permanencia este en Catamayo, como: la Ley de Desarrollo fronterizo, la constituci\u00f3n de la rep\u00fablica siendo est\u00e1 \u00faltima de mandato constitucional, es decir, de mayor jerarqu\u00eda en el pa\u00eds. Y recalc\u00f3 que, el API carece de respaldo jur\u00eddico y t\u00e9cnico para que el Ministerio de Salud, haya tomado la decisi\u00f3n de eliminarlo, sin ning\u00fan sustento t\u00e9cnico.<\/p>\n<p>El Presidente de la Comisi\u00f3n del Derecho a la Salud, Asamble\u00edsta Marcelo Molina, afirm\u00f3 que \u201cestamos consciente de lo que ocurre, esta direcci\u00f3n y esta mesa legislativa har\u00e1 todo los tr\u00e1mites correspondiente para conocer, que sucedi\u00f3 con el pasado Ministro Zevallos, para que esta direcci\u00f3n distrital no contin\u00fae en el sector.\u201d<\/p>\n<p>Pero la Asamble\u00edsta Mar\u00eda Jos\u00e9 Plaza, mencion\u00f3 que \u201ces vital constar con este punto de atenci\u00f3n para la poblaci\u00f3n. Por lo tanto, en conjunto con la vicepresidencia y el Ministerio de Salud ya se est\u00e1n haciendo las gestiones del caso para evitar este cierre. El trabajo lo que est\u00e1 haciendo el Asamble\u00edsta Maldonado a\u00fan no ha concluido.\u201d<\/p>\n<p>Sin embargo, las gestiones no han parado por parte del comit\u00e9 ciudadano con el apoy\u00f3 de los asamble\u00edstas de Loja, Byron Maldonado (CREO) y Luc\u00eda Placencia (ID). Distrito de Salud 11D02 de Catamayo ya se encuentra eliminado, el Colectivo Pro-Defensa de la Salud de Catamayo, lucha para que se le devuelva la vida jur\u00eddica a la entidad de salud, ya que los ciudadanos son los principales beneficiarios.<\/p>\n<p>www.lodelmomentoloja.com<br \/>\n#LDMnoticias #lodelmomentolojaLDM<\/p>\n","protected":false},"excerpt":{"rendered":"<p>#Loja | Asamblea recibe al Comit\u00e9 Pro-Defensa de Salud de Catamayo Est\u00e1 ma\u00f1ana el colectivo&#8230;<\/p>\n","protected":false},"author":1,"featured_media":4991,"comment_status":"open","ping_status":"open","sticky":false,"template":"","format":"standard","meta":{"footnotes":""},"categories":[1],"tags":[],"class_list":["post-4990","post","type-post","status-publish","format-standard","has-post-thumbnail","hentry","category-inicio"],"_links":{"self":[{"href":"https:\/\/www.lodelmomentoloja.com\/index.php?rest_route=\/wp\/v2\/posts\/4990"}],"collection":[{"href":"https:\/\/www.lodelmomentoloja.com\/index.php?rest_route=\/wp\/v2\/posts"}],"about":[{"href":"https:\/\/www.lodelmomentoloja.com\/index.php?rest_route=\/wp\/v2\/types\/post"}],"author":[{"embeddable":true,"href":"https:\/\/www.lodelmomentoloja.com\/index.php?rest_route=\/wp\/v2\/users\/1"}],"replies":[{"embeddable":true,"href":"https:\/\/www.lodelmomentoloja.com\/index.php?rest_route=%2Fwp%2Fv2%2Fcomments&post=4990"}],"version-history":[{"count":1,"href":"https:\/\/www.lodelmomentoloja.com\/index.php?rest_route=\/wp\/v2\/posts\/4990\/revisions"}],"predecessor-version":[{"id":4992,"href":"https:\/\/www.lodelmomentoloja.com\/index.php?rest_route=\/wp\/v2\/posts\/4990\/revisions\/4992"}],"wp:featuredmedia":[{"embeddable":true,"href":"https:\/\/www.lodelmomentoloja.com\/index.php?rest_route=\/wp\/v2\/media\/4991"}],"wp:attachment":[{"href":"https:\/\/www.lodelmomentoloja.com\/index.php?rest_route=%2Fwp%2Fv2%2Fmedia&parent=4990"}],"wp:term":[{"taxonomy":"category","embeddable":true,"href":"https:\/\/www.lodelmomentoloja.com\/index.php?rest_route=%2Fwp%2Fv2%2Fcategories&post=4990"},{"taxonomy":"post_tag","embeddable":true,"href":"https:\/\/www.lodelmomentoloja.com\/index.php?rest_route=%2Fwp%2Fv2%2Ftags&post=4990"}],"curies":[{"name":"wp","href":"https:\/\/api.w.org\/{rel}","templated":true}]}}