{"id":4983,"date":"2021-07-30T16:31:55","date_gmt":"2021-07-30T16:31:55","guid":{"rendered":"http:\/\/www.lodelmomentoloja.com\/?p=4983"},"modified":"2021-07-30T21:31:57","modified_gmt":"2021-07-30T21:31:57","slug":"yunda-vuelve-a-la-alcaldia-de-quito","status":"publish","type":"post","link":"https:\/\/www.lodelmomentoloja.com\/?p=4983","title":{"rendered":"Yunda vuelve a la alcald\u00eda de Quito."},"content":{"rendered":"<div class=\"kvgmc6g5 cxmmr5t8 oygrvhab hcukyx3x c1et5uql ii04i59q\">\n<div dir=\"auto\"><a class=\"oajrlxb2 g5ia77u1 qu0x051f esr5mh6w e9989ue4 r7d6kgcz rq0escxv nhd2j8a9 nc684nl6 p7hjln8o kvgmc6g5 cxmmr5t8 oygrvhab hcukyx3x jb3vyjys rz4wbd8a qt6c0cv9 a8nywdso i1ao9s8h esuyzwwr f1sip0of lzcic4wl q66pz984 gpro0wi8 b1v8xokw\" tabindex=\"0\" role=\"link\" href=\"https:\/\/www.facebook.com\/hashtag\/uio?__eep__=6&amp;__cft__[0]=AZWDU51cWT09bB2BTI2GPyQrZON0kDvp-rWEtQgKlUYXz9ehA60K2pQKeqKRGfFoHKyZXifzyKsxj93trBoqKoAQrxbJONksv9Abz7RlQSzacRDq_fa-6PiI-wkwsdV-V0j9_OJSgxpzVPJV1rf2NNwlAq9iCLJIzaHQKKKGyQ0E2qGSjxyCLpzdjLjutfHVUE4&amp;__tn__=*NK-R\">#UIO<\/a> | Yunda vuelve a la alcald\u00eda de Quito.<\/div>\n<div dir=\"auto\"><\/div>\n<\/div>\n<div class=\"o9v6fnle cxmmr5t8 oygrvhab hcukyx3x c1et5uql ii04i59q\">\n<div dir=\"auto\">La tarde de este viernes 30 de julio, la Corte Provincial de Pichincha notific\u00f3 el rechazo al recurso de apelaci\u00f3n contra la acci\u00f3n de protecci\u00f3n aceptada de manera parcial a favor de Jorge Yunda. Adem\u00e1s, el documento se\u00f1ala que se deja \u201csin efecto el proceso de remoci\u00f3n del alcalde Jorge Yunda\u201d.<\/div>\n<div dir=\"auto\"><\/div>\n<\/div>\n<div class=\"o9v6fnle cxmmr5t8 oygrvhab hcukyx3x c1et5uql ii04i59q\">\n<div dir=\"auto\">Seg\u00fan Juan Pablo Torres, abogado de Jorge Yunda, su defendido es el actual alcalde de Quito legalmente, \u201ctiene que volver a su cargo porque \u00e9l nunca dej\u00f3 de ser el alcalde leg\u00edtimo\u201d.<\/div>\n<div dir=\"auto\"><\/div>\n<\/div>\n<div class=\"o9v6fnle cxmmr5t8 oygrvhab hcukyx3x c1et5uql ii04i59q\">\n<div dir=\"auto\">La decisi\u00f3n de la Corte se da despu\u00e9s que la jueza Grimaneza Erazo revocar\u00e1 las medidas cautelares que manten\u00edan aYunda en el cargo de burgomaestre. Con esa sentencia se ratificaba la decisi\u00f3n del Tribunal Contencioso Electoral (TCE) y permiti\u00f3 que Santiago Guarderas asuma el cargo.<\/div>\n<div dir=\"auto\"><\/div>\n<\/div>\n<div class=\"o9v6fnle cxmmr5t8 oygrvhab hcukyx3x c1et5uql ii04i59q\">\n<div dir=\"auto\"><a class=\"oajrlxb2 g5ia77u1 qu0x051f esr5mh6w e9989ue4 r7d6kgcz rq0escxv nhd2j8a9 nc684nl6 p7hjln8o kvgmc6g5 cxmmr5t8 oygrvhab hcukyx3x jb3vyjys rz4wbd8a qt6c0cv9 a8nywdso i1ao9s8h esuyzwwr f1sip0of lzcic4wl py34i1dx gpro0wi8\" tabindex=\"0\" role=\"link\" href=\"http:\/\/www.lodelmomentoloja.com\/?fbclid=IwAR2DLGXUpa48Bly-pqON9w7VZMs_V1eQq1CoHDGWsII8D_wMuj3ZB-A0KL4\" target=\"_blank\" rel=\"nofollow noopener\">www.lodelmomentoloja.com<\/a><\/div>\n<div dir=\"auto\"><a class=\"oajrlxb2 g5ia77u1 qu0x051f esr5mh6w e9989ue4 r7d6kgcz rq0escxv nhd2j8a9 nc684nl6 p7hjln8o kvgmc6g5 cxmmr5t8 oygrvhab hcukyx3x jb3vyjys rz4wbd8a qt6c0cv9 a8nywdso i1ao9s8h esuyzwwr f1sip0of lzcic4wl q66pz984 gpro0wi8 b1v8xokw\" tabindex=\"0\" role=\"link\" href=\"https:\/\/www.facebook.com\/hashtag\/ldmnoticias?__eep__=6&amp;__cft__[0]=AZWDU51cWT09bB2BTI2GPyQrZON0kDvp-rWEtQgKlUYXz9ehA60K2pQKeqKRGfFoHKyZXifzyKsxj93trBoqKoAQrxbJONksv9Abz7RlQSzacRDq_fa-6PiI-wkwsdV-V0j9_OJSgxpzVPJV1rf2NNwlAq9iCLJIzaHQKKKGyQ0E2qGSjxyCLpzdjLjutfHVUE4&amp;__tn__=*NK-R\">#LDMnoticias<\/a> <a class=\"oajrlxb2 g5ia77u1 qu0x051f esr5mh6w e9989ue4 r7d6kgcz rq0escxv nhd2j8a9 nc684nl6 p7hjln8o kvgmc6g5 cxmmr5t8 oygrvhab hcukyx3x jb3vyjys rz4wbd8a qt6c0cv9 a8nywdso i1ao9s8h esuyzwwr f1sip0of lzcic4wl q66pz984 gpro0wi8 b1v8xokw\" tabindex=\"0\" role=\"link\" href=\"https:\/\/www.facebook.com\/hashtag\/lodelmomentolojaldm?__eep__=6&amp;__cft__[0]=AZWDU51cWT09bB2BTI2GPyQrZON0kDvp-rWEtQgKlUYXz9ehA60K2pQKeqKRGfFoHKyZXifzyKsxj93trBoqKoAQrxbJONksv9Abz7RlQSzacRDq_fa-6PiI-wkwsdV-V0j9_OJSgxpzVPJV1rf2NNwlAq9iCLJIzaHQKKKGyQ0E2qGSjxyCLpzdjLjutfHVUE4&amp;__tn__=*NK-R\">#lodelmomentolojaLDM<\/a><\/div>\n<\/div>\n","protected":false},"excerpt":{"rendered":"<p>#UIO | Yunda vuelve a la alcald\u00eda de Quito. La tarde de este viernes 30&#8230;<\/p>\n","protected":false},"author":1,"featured_media":4985,"comment_status":"open","ping_status":"open","sticky":false,"template":"","format":"standard","meta":{"footnotes":""},"categories":[1],"tags":[],"class_list":["post-4983","post","type-post","status-publish","format-standard","has-post-thumbnail","hentry","category-inicio"],"_links":{"self":[{"href":"https:\/\/www.lodelmomentoloja.com\/index.php?rest_route=\/wp\/v2\/posts\/4983"}],"collection":[{"href":"https:\/\/www.lodelmomentoloja.com\/index.php?rest_route=\/wp\/v2\/posts"}],"about":[{"href":"https:\/\/www.lodelmomentoloja.com\/index.php?rest_route=\/wp\/v2\/types\/post"}],"author":[{"embeddable":true,"href":"https:\/\/www.lodelmomentoloja.com\/index.php?rest_route=\/wp\/v2\/users\/1"}],"replies":[{"embeddable":true,"href":"https:\/\/www.lodelmomentoloja.com\/index.php?rest_route=%2Fwp%2Fv2%2Fcomments&post=4983"}],"version-history":[{"count":1,"href":"https:\/\/www.lodelmomentoloja.com\/index.php?rest_route=\/wp\/v2\/posts\/4983\/revisions"}],"predecessor-version":[{"id":4986,"href":"https:\/\/www.lodelmomentoloja.com\/index.php?rest_route=\/wp\/v2\/posts\/4983\/revisions\/4986"}],"wp:featuredmedia":[{"embeddable":true,"href":"https:\/\/www.lodelmomentoloja.com\/index.php?rest_route=\/wp\/v2\/media\/4985"}],"wp:attachment":[{"href":"https:\/\/www.lodelmomentoloja.com\/index.php?rest_route=%2Fwp%2Fv2%2Fmedia&parent=4983"}],"wp:term":[{"taxonomy":"category","embeddable":true,"href":"https:\/\/www.lodelmomentoloja.com\/index.php?rest_route=%2Fwp%2Fv2%2Fcategories&post=4983"},{"taxonomy":"post_tag","embeddable":true,"href":"https:\/\/www.lodelmomentoloja.com\/index.php?rest_route=%2Fwp%2Fv2%2Ftags&post=4983"}],"curies":[{"name":"wp","href":"https:\/\/api.w.org\/{rel}","templated":true}]}}