{"id":4968,"date":"2021-07-30T16:25:04","date_gmt":"2021-07-30T16:25:04","guid":{"rendered":"http:\/\/www.lodelmomentoloja.com\/?p=4968"},"modified":"2021-07-30T21:26:06","modified_gmt":"2021-07-30T21:26:06","slug":"carapaz-tendra-nueva-indumentaria","status":"publish","type":"post","link":"https:\/\/www.lodelmomentoloja.com\/?p=4968","title":{"rendered":"Carapaz tendr\u00e1 nueva indumentaria."},"content":{"rendered":"<div class=\"kvgmc6g5 cxmmr5t8 oygrvhab hcukyx3x c1et5uql ii04i59q\">\n<div dir=\"auto\"><a class=\"oajrlxb2 g5ia77u1 qu0x051f esr5mh6w e9989ue4 r7d6kgcz rq0escxv nhd2j8a9 nc684nl6 p7hjln8o kvgmc6g5 cxmmr5t8 oygrvhab hcukyx3x jb3vyjys rz4wbd8a qt6c0cv9 a8nywdso i1ao9s8h esuyzwwr f1sip0of lzcic4wl q66pz984 gpro0wi8 b1v8xokw\" tabindex=\"0\" role=\"link\" href=\"https:\/\/www.facebook.com\/hashtag\/internacional?__eep__=6&amp;__cft__[0]=AZU5pm1JgV81BkWxP9HnR2xYBe3PJm4ctYjSFOP3VpuXH56puPlBcUH-6Z7GJvF6C9_OKc2ETEHQvHEj40rbaXlj0_dsUUIcjtr9uWoCqD7WlYj4vIbIJiqKwEa-ZIM-4VCV6Ue_xUmHMsN9SUQDInd8oXmf7DWHX1VkYCGPARM5ztCxH90XOrGSY3nSJQ_peZ4&amp;__tn__=*NK-R\">#Internacional<\/a> | Carapaz tendr\u00e1 nueva indumentaria.<\/div>\n<div dir=\"auto\"><\/div>\n<\/div>\n<div class=\"o9v6fnle cxmmr5t8 oygrvhab hcukyx3x c1et5uql ii04i59q\">\n<div dir=\"auto\">El equipo Ineos Grenadiers anunci\u00f3 la fabricaci\u00f3n de una bicicleta dorada como homenaje a Richard Carapaz, por haber ganado la medalla de oro en los Juegos Ol\u00edmpicos 2020+1.<\/div>\n<div dir=\"auto\"><\/div>\n<\/div>\n<div class=\"o9v6fnle cxmmr5t8 oygrvhab hcukyx3x c1et5uql ii04i59q\">\n<div dir=\"auto\">La escuadra brit\u00e1nica comparti\u00f3 en sus redes sociales una foto en la que se puede ver parte de la bicicleta, fabricada por la marca Pinarello, con un color dorado.<\/div>\n<div dir=\"auto\"><\/div>\n<\/div>\n<div class=\"o9v6fnle cxmmr5t8 oygrvhab hcukyx3x c1et5uql ii04i59q\">\n<div dir=\"auto\">Richard Carapaz integra Ineos Grenadiers desde la temporada 2020. El equipo ingl\u00e9s lo contrat\u00f3 luego de ganar el Giro de Italia, en el 2019, cuando representaba a la escuadra Movistar.<\/div>\n<div dir=\"auto\"><\/div>\n<\/div>\n<div class=\"o9v6fnle cxmmr5t8 oygrvhab hcukyx3x c1et5uql ii04i59q\">\n<div dir=\"auto\">Gracias a los \u00faltimos logros de la Locomotora del Carchi, como el oro en los Juegos Ol\u00edmpicos, el tercer puesto en el Tour de Francia y el primer lugar en la Vuelta a Suiza, Ineos Grenadiers se coloca como el primer equipo del mundo en el ranking de la Uni\u00f3n Cicl\u00edstica Internacional (UCI).<\/div>\n<div dir=\"auto\"><\/div>\n<\/div>\n<div class=\"o9v6fnle cxmmr5t8 oygrvhab hcukyx3x c1et5uql ii04i59q\">\n<div dir=\"auto\"><a class=\"oajrlxb2 g5ia77u1 qu0x051f esr5mh6w e9989ue4 r7d6kgcz rq0escxv nhd2j8a9 nc684nl6 p7hjln8o kvgmc6g5 cxmmr5t8 oygrvhab hcukyx3x jb3vyjys rz4wbd8a qt6c0cv9 a8nywdso i1ao9s8h esuyzwwr f1sip0of lzcic4wl py34i1dx gpro0wi8\" tabindex=\"0\" role=\"link\" href=\"https:\/\/l.facebook.com\/l.php?u=http%3A%2F%2Fwww.lodelmomentoloja.com%2F%3Ffbclid%3DIwAR1GJJAmJYGPKEQffaqMDugUm9BrAY6jA-bvhPS9v1Z7vk3489AlFrlVimw&amp;h=AT2DZRjvATBJMOqLAU68tIQCaKUDQU0k7AMVTAN9rC9sXrjCY2y1zlkFu0tCUuuXSMqGiw5cFVxWm_eVf0FJnMPoH_hB7PaN6k6FJ0MI1QD4C5EVqIli5Egz0Ojdf_Kq&amp;__tn__=-UK-R&amp;c[0]=AT31gXrnTb5z8b7mSJitAtk76ObT_HUe_ICTqkmYwvAYGkP21QmnN20XUTijplZhWTcGYPz6vyF076lO62o1pHQ5Dqjx1CfuLakxKUSV6tn2N1hUMu77MQK8VMbPhCHS1P9qtEVfdJ5Rel0G5OJaTvOCnEJvwNb3gl9hl1NKTenHW9qDmIAd5nbn1_kfMW4BJw8bG1HO\" target=\"_blank\" rel=\"nofollow noopener\">www.lodelmomentoloja.com<\/a><\/div>\n<div dir=\"auto\"><a class=\"oajrlxb2 g5ia77u1 qu0x051f esr5mh6w e9989ue4 r7d6kgcz rq0escxv nhd2j8a9 nc684nl6 p7hjln8o kvgmc6g5 cxmmr5t8 oygrvhab hcukyx3x jb3vyjys rz4wbd8a qt6c0cv9 a8nywdso i1ao9s8h esuyzwwr f1sip0of lzcic4wl q66pz984 gpro0wi8 b1v8xokw\" tabindex=\"0\" role=\"link\" href=\"https:\/\/www.facebook.com\/hashtag\/ldmnoticias?__eep__=6&amp;__cft__[0]=AZU5pm1JgV81BkWxP9HnR2xYBe3PJm4ctYjSFOP3VpuXH56puPlBcUH-6Z7GJvF6C9_OKc2ETEHQvHEj40rbaXlj0_dsUUIcjtr9uWoCqD7WlYj4vIbIJiqKwEa-ZIM-4VCV6Ue_xUmHMsN9SUQDInd8oXmf7DWHX1VkYCGPARM5ztCxH90XOrGSY3nSJQ_peZ4&amp;__tn__=*NK-R\">#LDMnoticias<\/a> <a class=\"oajrlxb2 g5ia77u1 qu0x051f esr5mh6w e9989ue4 r7d6kgcz rq0escxv nhd2j8a9 nc684nl6 p7hjln8o kvgmc6g5 cxmmr5t8 oygrvhab hcukyx3x jb3vyjys rz4wbd8a qt6c0cv9 a8nywdso i1ao9s8h esuyzwwr f1sip0of lzcic4wl q66pz984 gpro0wi8 b1v8xokw\" tabindex=\"0\" role=\"link\" href=\"https:\/\/www.facebook.com\/hashtag\/lodelmomentolojaldm?__eep__=6&amp;__cft__[0]=AZU5pm1JgV81BkWxP9HnR2xYBe3PJm4ctYjSFOP3VpuXH56puPlBcUH-6Z7GJvF6C9_OKc2ETEHQvHEj40rbaXlj0_dsUUIcjtr9uWoCqD7WlYj4vIbIJiqKwEa-ZIM-4VCV6Ue_xUmHMsN9SUQDInd8oXmf7DWHX1VkYCGPARM5ztCxH90XOrGSY3nSJQ_peZ4&amp;__tn__=*NK-R\">#lodelmomentolojaLDM<\/a><\/div>\n<\/div>\n","protected":false},"excerpt":{"rendered":"<p>#Internacional | Carapaz tendr\u00e1 nueva indumentaria. El equipo Ineos Grenadiers anunci\u00f3 la fabricaci\u00f3n de una&#8230;<\/p>\n","protected":false},"author":1,"featured_media":4965,"comment_status":"open","ping_status":"open","sticky":false,"template":"","format":"standard","meta":{"footnotes":""},"categories":[1],"tags":[],"class_list":["post-4968","post","type-post","status-publish","format-standard","has-post-thumbnail","hentry","category-inicio"],"_links":{"self":[{"href":"https:\/\/www.lodelmomentoloja.com\/index.php?rest_route=\/wp\/v2\/posts\/4968"}],"collection":[{"href":"https:\/\/www.lodelmomentoloja.com\/index.php?rest_route=\/wp\/v2\/posts"}],"about":[{"href":"https:\/\/www.lodelmomentoloja.com\/index.php?rest_route=\/wp\/v2\/types\/post"}],"author":[{"embeddable":true,"href":"https:\/\/www.lodelmomentoloja.com\/index.php?rest_route=\/wp\/v2\/users\/1"}],"replies":[{"embeddable":true,"href":"https:\/\/www.lodelmomentoloja.com\/index.php?rest_route=%2Fwp%2Fv2%2Fcomments&post=4968"}],"version-history":[{"count":1,"href":"https:\/\/www.lodelmomentoloja.com\/index.php?rest_route=\/wp\/v2\/posts\/4968\/revisions"}],"predecessor-version":[{"id":4973,"href":"https:\/\/www.lodelmomentoloja.com\/index.php?rest_route=\/wp\/v2\/posts\/4968\/revisions\/4973"}],"wp:featuredmedia":[{"embeddable":true,"href":"https:\/\/www.lodelmomentoloja.com\/index.php?rest_route=\/wp\/v2\/media\/4965"}],"wp:attachment":[{"href":"https:\/\/www.lodelmomentoloja.com\/index.php?rest_route=%2Fwp%2Fv2%2Fmedia&parent=4968"}],"wp:term":[{"taxonomy":"category","embeddable":true,"href":"https:\/\/www.lodelmomentoloja.com\/index.php?rest_route=%2Fwp%2Fv2%2Fcategories&post=4968"},{"taxonomy":"post_tag","embeddable":true,"href":"https:\/\/www.lodelmomentoloja.com\/index.php?rest_route=%2Fwp%2Fv2%2Ftags&post=4968"}],"curies":[{"name":"wp","href":"https:\/\/api.w.org\/{rel}","templated":true}]}}