{"id":4934,"date":"2021-07-29T10:00:26","date_gmt":"2021-07-29T10:00:26","guid":{"rendered":"http:\/\/www.lodelmomentoloja.com\/?p=4934"},"modified":"2021-07-29T19:43:33","modified_gmt":"2021-07-29T19:43:33","slug":"nuevo-estado-de-excepcion","status":"publish","type":"post","link":"https:\/\/www.lodelmomentoloja.com\/?p=4934","title":{"rendered":"Nuevo estado de excepci\u00f3n"},"content":{"rendered":"<p>#Nacional | Estado de excepci\u00f3n se extiende hasta Agosto.<\/p>\n<p>El presidente Guillermo Lasso renov\u00f3 el estado de excepci\u00f3n por treinta d\u00edas m\u00e1s para la ciudad de Guayaquil y para la provincia de El Oro, por calamidad p\u00fablica, producida por la detecci\u00f3n de casos de COVID-19 variantes delta y delta plus, tras acoger el pedido que hizo el Comit\u00e9 de Operaciones de Emergencia (COE) nacional.<\/p>\n<p>El nuevo periodo, de acuerdo al decreto ejecutivo 140, ser\u00e1 entre las 00:00 de este jueves 29 de julio y hasta el 27 de agosto del 2021, a las 23:59.<\/p>\n<p>El primer estado de excepci\u00f3n fue expedido el pasado 14 de julio y termina este mi\u00e9rcoles 28 de julio a las 23:59. El argumento fue mitigar la propagaci\u00f3n de la variante delta del coronavirus hacia el resto del pa\u00eds y reducir la velocidad de contagio.<\/p>\n<p>www.lodelmomentoloja.com<br \/>\n#LDMnoticias #lodelmomentolojaLDM<\/p>\n","protected":false},"excerpt":{"rendered":"<p>#Nacional | Estado de excepci\u00f3n se extiende hasta Agosto. El presidente Guillermo Lasso renov\u00f3 el&#8230;<\/p>\n","protected":false},"author":1,"featured_media":4936,"comment_status":"open","ping_status":"open","sticky":false,"template":"","format":"standard","meta":{"footnotes":""},"categories":[1],"tags":[],"class_list":["post-4934","post","type-post","status-publish","format-standard","has-post-thumbnail","hentry","category-inicio"],"_links":{"self":[{"href":"https:\/\/www.lodelmomentoloja.com\/index.php?rest_route=\/wp\/v2\/posts\/4934"}],"collection":[{"href":"https:\/\/www.lodelmomentoloja.com\/index.php?rest_route=\/wp\/v2\/posts"}],"about":[{"href":"https:\/\/www.lodelmomentoloja.com\/index.php?rest_route=\/wp\/v2\/types\/post"}],"author":[{"embeddable":true,"href":"https:\/\/www.lodelmomentoloja.com\/index.php?rest_route=\/wp\/v2\/users\/1"}],"replies":[{"embeddable":true,"href":"https:\/\/www.lodelmomentoloja.com\/index.php?rest_route=%2Fwp%2Fv2%2Fcomments&post=4934"}],"version-history":[{"count":1,"href":"https:\/\/www.lodelmomentoloja.com\/index.php?rest_route=\/wp\/v2\/posts\/4934\/revisions"}],"predecessor-version":[{"id":4937,"href":"https:\/\/www.lodelmomentoloja.com\/index.php?rest_route=\/wp\/v2\/posts\/4934\/revisions\/4937"}],"wp:featuredmedia":[{"embeddable":true,"href":"https:\/\/www.lodelmomentoloja.com\/index.php?rest_route=\/wp\/v2\/media\/4936"}],"wp:attachment":[{"href":"https:\/\/www.lodelmomentoloja.com\/index.php?rest_route=%2Fwp%2Fv2%2Fmedia&parent=4934"}],"wp:term":[{"taxonomy":"category","embeddable":true,"href":"https:\/\/www.lodelmomentoloja.com\/index.php?rest_route=%2Fwp%2Fv2%2Fcategories&post=4934"},{"taxonomy":"post_tag","embeddable":true,"href":"https:\/\/www.lodelmomentoloja.com\/index.php?rest_route=%2Fwp%2Fv2%2Ftags&post=4934"}],"curies":[{"name":"wp","href":"https:\/\/api.w.org\/{rel}","templated":true}]}}