{"id":4912,"date":"2021-07-28T09:20:02","date_gmt":"2021-07-28T09:20:02","guid":{"rendered":"http:\/\/www.lodelmomentoloja.com\/?p=4912"},"modified":"2021-07-28T14:27:50","modified_gmt":"2021-07-28T14:27:50","slug":"assange-deja-de-ser-ecuatoriano","status":"publish","type":"post","link":"https:\/\/www.lodelmomentoloja.com\/?p=4912","title":{"rendered":"Assange deja de ser Ecuatoriano"},"content":{"rendered":"<div class=\"fsn-row full-width-row fsn-69f1dd288891f light\" style=\"background-repeat:repeat;background-position:left top;background-attachment:scroll;background-size:auto;\"><div class=\"container-fluid\"><div class=\"row\"><\/div><\/div><\/div><div class=\"col-sm-12\"><div class=\"fsn-column-inner fsn-69f1dd288898e light\"><div class=\"fsn-text fsn-69f1dd2888a2a\"><\/div><\/div><\/div>[\/fsn_row<\/p>\n<p>#Internacional | Ecuador revoc\u00f3 la nacionalidad al fundador de Wikileaks, Julian Assange.<\/p>\n<p>Seg\u00fan se inform\u00f3 el martes, la justicia del pa\u00eds andino notific\u00f3 formalmente la nulidad de la carta de naturalizaci\u00f3n del australiano atendiendo una demanda de lesividad interpuesta por la canciller\u00eda.<\/p>\n<p>Carlos Poveda, abogado de Assange, dijo a The Associated Press que la decisi\u00f3n se produjo sin respetar el debido proceso, ya que \u201cno se permiti\u00f3 generar espacios de defensa, en la fecha que se le cita (a Assange) \u00e9l estaba privado de la libertad y con una crisis sanitaria al interior del centro de privaci\u00f3n de libertad donde se encuentra\u201d. Agreg\u00f3 que interpondr\u00e1 recursos como ampliaci\u00f3n y aclaraci\u00f3n de la sentencia, y destac\u00f3 que \u201cm\u00e1s que la importancia de la nacionalidad, es cuesti\u00f3n de respetar los derechos\u201d y seguir el debido proceso para retirar la nacionalidad.<\/p>\n<p>La canciller\u00eda se\u00f1al\u00f3 a la AP que \u201ceste es un pronunciamiento de la justicia, que ha actuado en forma independiente y seguido el debido proceso frente a un caso acontecido en el gobierno anterior y que le fue planteado por el mismo gobierno anterior\u201d.<\/p>\n<p>www.lodelmomentoloja.com<br \/>\n#LDMnoticias #lodelmomentolojaLDM<\/p>\n<p>]<\/p>\n","protected":false},"excerpt":{"rendered":"<p>[\/fsn_row #Internacional | Ecuador revoc\u00f3 la nacionalidad al fundador de Wikileaks, Julian Assange. Seg\u00fan se&#8230;<\/p>\n","protected":false},"author":1,"featured_media":4913,"comment_status":"open","ping_status":"open","sticky":false,"template":"","format":"standard","meta":{"footnotes":""},"categories":[1],"tags":[],"class_list":["post-4912","post","type-post","status-publish","format-standard","has-post-thumbnail","hentry","category-inicio"],"_links":{"self":[{"href":"https:\/\/www.lodelmomentoloja.com\/index.php?rest_route=\/wp\/v2\/posts\/4912"}],"collection":[{"href":"https:\/\/www.lodelmomentoloja.com\/index.php?rest_route=\/wp\/v2\/posts"}],"about":[{"href":"https:\/\/www.lodelmomentoloja.com\/index.php?rest_route=\/wp\/v2\/types\/post"}],"author":[{"embeddable":true,"href":"https:\/\/www.lodelmomentoloja.com\/index.php?rest_route=\/wp\/v2\/users\/1"}],"replies":[{"embeddable":true,"href":"https:\/\/www.lodelmomentoloja.com\/index.php?rest_route=%2Fwp%2Fv2%2Fcomments&post=4912"}],"version-history":[{"count":1,"href":"https:\/\/www.lodelmomentoloja.com\/index.php?rest_route=\/wp\/v2\/posts\/4912\/revisions"}],"predecessor-version":[{"id":4914,"href":"https:\/\/www.lodelmomentoloja.com\/index.php?rest_route=\/wp\/v2\/posts\/4912\/revisions\/4914"}],"wp:featuredmedia":[{"embeddable":true,"href":"https:\/\/www.lodelmomentoloja.com\/index.php?rest_route=\/wp\/v2\/media\/4913"}],"wp:attachment":[{"href":"https:\/\/www.lodelmomentoloja.com\/index.php?rest_route=%2Fwp%2Fv2%2Fmedia&parent=4912"}],"wp:term":[{"taxonomy":"category","embeddable":true,"href":"https:\/\/www.lodelmomentoloja.com\/index.php?rest_route=%2Fwp%2Fv2%2Fcategories&post=4912"},{"taxonomy":"post_tag","embeddable":true,"href":"https:\/\/www.lodelmomentoloja.com\/index.php?rest_route=%2Fwp%2Fv2%2Ftags&post=4912"}],"curies":[{"name":"wp","href":"https:\/\/api.w.org\/{rel}","templated":true}]}}