{"id":4895,"date":"2021-07-27T16:00:03","date_gmt":"2021-07-27T16:00:03","guid":{"rendered":"http:\/\/www.lodelmomentoloja.com\/?p=4895"},"modified":"2021-07-27T21:07:59","modified_gmt":"2021-07-27T21:07:59","slug":"nuevo-movimiento-politico-de-yaku-perez","status":"publish","type":"post","link":"https:\/\/www.lodelmomentoloja.com\/?p=4895","title":{"rendered":"Nuevo movimiento pol\u00edtico de Yaku P\u00e9rez"},"content":{"rendered":"<p>El excandidato presidencial Yaku P\u00e9rez, hizo un pronunciamiento p\u00fablica en una entrevista radial en el que anuncia la creaci\u00f3n del nuevo movimiento pol\u00edtico, esto se desarrollar\u00e1 el 14 de agosto del 2021 mediante una Convenci\u00f3n Nacional en la provincia de Azuay, fecha en la que se discutir\u00e1 el tema. A decir de P\u00e9rez, menciona que sus compa\u00f1eros de las 24 provincias han hecho un acuerdo general para el movimiento ecologista, feminista, pluralista y democr\u00e1tico.<\/p>\n<p>&#8220;Un movimiento colectivo en donde se ponga, no solamente de moda, sino en donde sea un pr\u00e1ctica diaria la honradez, la lealtad con el pueblo y los principios ambientales&#8221; dijo Yaku P\u00e9rez, previo a la creaci\u00f3n del nuevo movimiento pol\u00edtico.<\/p>\n<p>En la provincia de Loja, tras haberse concluido el \u00faltimo proceso electoral, Yaku obtuvo un 30,47% de la votaci\u00f3n en primera vuelta, es decir unos 80.021 votos, ubic\u00e1ndolo en el primer lugar en preferencias.<\/p>\n","protected":false},"excerpt":{"rendered":"<p>El excandidato presidencial Yaku P\u00e9rez, hizo un pronunciamiento p\u00fablica en una entrevista radial en el&#8230;<\/p>\n","protected":false},"author":1,"featured_media":4896,"comment_status":"open","ping_status":"open","sticky":false,"template":"","format":"standard","meta":{"footnotes":""},"categories":[7,1],"tags":[],"class_list":["post-4895","post","type-post","status-publish","format-standard","has-post-thumbnail","hentry","category-ecuador","category-inicio"],"_links":{"self":[{"href":"https:\/\/www.lodelmomentoloja.com\/index.php?rest_route=\/wp\/v2\/posts\/4895"}],"collection":[{"href":"https:\/\/www.lodelmomentoloja.com\/index.php?rest_route=\/wp\/v2\/posts"}],"about":[{"href":"https:\/\/www.lodelmomentoloja.com\/index.php?rest_route=\/wp\/v2\/types\/post"}],"author":[{"embeddable":true,"href":"https:\/\/www.lodelmomentoloja.com\/index.php?rest_route=\/wp\/v2\/users\/1"}],"replies":[{"embeddable":true,"href":"https:\/\/www.lodelmomentoloja.com\/index.php?rest_route=%2Fwp%2Fv2%2Fcomments&post=4895"}],"version-history":[{"count":1,"href":"https:\/\/www.lodelmomentoloja.com\/index.php?rest_route=\/wp\/v2\/posts\/4895\/revisions"}],"predecessor-version":[{"id":4897,"href":"https:\/\/www.lodelmomentoloja.com\/index.php?rest_route=\/wp\/v2\/posts\/4895\/revisions\/4897"}],"wp:featuredmedia":[{"embeddable":true,"href":"https:\/\/www.lodelmomentoloja.com\/index.php?rest_route=\/wp\/v2\/media\/4896"}],"wp:attachment":[{"href":"https:\/\/www.lodelmomentoloja.com\/index.php?rest_route=%2Fwp%2Fv2%2Fmedia&parent=4895"}],"wp:term":[{"taxonomy":"category","embeddable":true,"href":"https:\/\/www.lodelmomentoloja.com\/index.php?rest_route=%2Fwp%2Fv2%2Fcategories&post=4895"},{"taxonomy":"post_tag","embeddable":true,"href":"https:\/\/www.lodelmomentoloja.com\/index.php?rest_route=%2Fwp%2Fv2%2Ftags&post=4895"}],"curies":[{"name":"wp","href":"https:\/\/api.w.org\/{rel}","templated":true}]}}