{"id":486,"date":"2020-11-10T01:37:07","date_gmt":"2020-11-10T01:37:07","guid":{"rendered":"http:\/\/www.lodelmomentoloja.com\/?p=486"},"modified":"2020-11-10T01:37:10","modified_gmt":"2020-11-10T01:37:10","slug":"empezaron-actividades-culturales-por-el-bicentenario-de-loja","status":"publish","type":"post","link":"https:\/\/www.lodelmomentoloja.com\/?p=486","title":{"rendered":"Empezaron actividades culturales por el Bicentenario de Loja."},"content":{"rendered":"\n<figure class=\"wp-block-image size-large\"><img loading=\"lazy\" decoding=\"async\" width=\"1024\" height=\"771\" src=\"http:\/\/www.lodelmomentoloja.com\/wp-content\/uploads\/2020\/11\/WhatsApp-Image-2020-11-09-at-17.05.17-3-1024x771.jpeg\" alt=\"\" class=\"wp-image-488\" srcset=\"https:\/\/www.lodelmomentoloja.com\/wp-content\/uploads\/2020\/11\/WhatsApp-Image-2020-11-09-at-17.05.17-3-1024x771.jpeg 1024w, https:\/\/www.lodelmomentoloja.com\/wp-content\/uploads\/2020\/11\/WhatsApp-Image-2020-11-09-at-17.05.17-3-300x226.jpeg 300w, https:\/\/www.lodelmomentoloja.com\/wp-content\/uploads\/2020\/11\/WhatsApp-Image-2020-11-09-at-17.05.17-3-768x578.jpeg 768w, https:\/\/www.lodelmomentoloja.com\/wp-content\/uploads\/2020\/11\/WhatsApp-Image-2020-11-09-at-17.05.17-3-1536x1156.jpeg 1536w, https:\/\/www.lodelmomentoloja.com\/wp-content\/uploads\/2020\/11\/WhatsApp-Image-2020-11-09-at-17.05.17-3-2048x1541.jpeg 2048w\" sizes=\"(max-width: 1024px) 100vw, 1024px\" \/><\/figure>\n\n\n\n<p>Con el inicio de las fiestas por los 200 a\u00f1os de independencia de Loja, la ciudad se activa de diferente forma, esta vez, visitando los barrios con programaci\u00f3n art\u00edstica y cultural a trav\u00e9s del programa \u201cEl bicentenario desde tu casa\u201d.&nbsp; Los medios de comunicaci\u00f3n municipales transmiten estas actividades.<\/p>\n\n\n\n<p>Tal como consta en la programaci\u00f3n de fiestas, la tarde del lunes 9 de noviembre, empez\u00f3 el recorrido cultural con los barrios M\u00e1ximo Agust\u00edn Rodr\u00edguez, Balc\u00f3n Lojano y Las Palmeras, activaciones que se mantendr\u00e1n durante todo el mes.<\/p>\n\n\n\n<p>La inauguraci\u00f3n de esta actividad se realiz\u00f3 en el sector M\u00e1ximo Agust\u00edn Rodr\u00edguez, en donde los moradores disfrutaron de danza, m\u00fasica y teatro.<\/p>\n\n\n\n<p>La presidenta del sector, Esperanza Apolo, agradeci\u00f3 ser tomados en cuenta dentro de la programaci\u00f3n, ya que en esta ocasi\u00f3n no se realiz\u00f3 la posta de la lojanidad, una tradici\u00f3n que por causa de la pandemia se vio interrumpida, en su edici\u00f3n n\u00famero sesenta.&nbsp; Sin embargo, con estos eventos culturales se sienten integrados.<\/p>\n\n\n\n<p>La situaci\u00f3n sanitaria mundial ha trastocado todo y a pesar de ello no se ha dejado que mueran actos significativos para recordar los 200 a\u00f1os de independencia.<\/p>\n\n\n\n<p>Jorge Bail\u00f3n, alcalde a Loja, lament\u00f3 que este a\u00f1o no se haya realizado la posta e indic\u00f3 que se debe acoplar esta costumbre a nuevas modalidades, \u201ctenemos el reto de buscar una nueva manera de realizar esta actividad que motive la unidad barrial\u201d. Se presentaron las agrupaciones Circo Social, Ballet Folkl\u00f3rico Qhapaq-\u00d1an y Grupo Folkl\u00f3rico Temporal. <\/p>\n","protected":false},"excerpt":{"rendered":"<p>Con el inicio de las fiestas por los 200 a\u00f1os de independencia de Loja, la&#8230;<\/p>\n","protected":false},"author":1,"featured_media":488,"comment_status":"open","ping_status":"open","sticky":false,"template":"","format":"standard","meta":{"footnotes":""},"categories":[7,1,5],"tags":[],"class_list":["post-486","post","type-post","status-publish","format-standard","has-post-thumbnail","hentry","category-ecuador","category-inicio","category-loja"],"_links":{"self":[{"href":"https:\/\/www.lodelmomentoloja.com\/index.php?rest_route=\/wp\/v2\/posts\/486"}],"collection":[{"href":"https:\/\/www.lodelmomentoloja.com\/index.php?rest_route=\/wp\/v2\/posts"}],"about":[{"href":"https:\/\/www.lodelmomentoloja.com\/index.php?rest_route=\/wp\/v2\/types\/post"}],"author":[{"embeddable":true,"href":"https:\/\/www.lodelmomentoloja.com\/index.php?rest_route=\/wp\/v2\/users\/1"}],"replies":[{"embeddable":true,"href":"https:\/\/www.lodelmomentoloja.com\/index.php?rest_route=%2Fwp%2Fv2%2Fcomments&post=486"}],"version-history":[{"count":1,"href":"https:\/\/www.lodelmomentoloja.com\/index.php?rest_route=\/wp\/v2\/posts\/486\/revisions"}],"predecessor-version":[{"id":489,"href":"https:\/\/www.lodelmomentoloja.com\/index.php?rest_route=\/wp\/v2\/posts\/486\/revisions\/489"}],"wp:featuredmedia":[{"embeddable":true,"href":"https:\/\/www.lodelmomentoloja.com\/index.php?rest_route=\/wp\/v2\/media\/488"}],"wp:attachment":[{"href":"https:\/\/www.lodelmomentoloja.com\/index.php?rest_route=%2Fwp%2Fv2%2Fmedia&parent=486"}],"wp:term":[{"taxonomy":"category","embeddable":true,"href":"https:\/\/www.lodelmomentoloja.com\/index.php?rest_route=%2Fwp%2Fv2%2Fcategories&post=486"},{"taxonomy":"post_tag","embeddable":true,"href":"https:\/\/www.lodelmomentoloja.com\/index.php?rest_route=%2Fwp%2Fv2%2Ftags&post=486"}],"curies":[{"name":"wp","href":"https:\/\/api.w.org\/{rel}","templated":true}]}}